{"id":3903,"date":"2025-02-13T15:43:57","date_gmt":"2025-02-13T14:43:57","guid":{"rendered":"http:\/\/gbp.podedworze.pl\/?p=3903"},"modified":"2025-02-13T15:50:21","modified_gmt":"2025-02-13T14:50:21","slug":"zajecia-w-bibliotece-podczas-ferii-zimowych-w-dniach-24-27-luty-w-naszej-bibliotece","status":"publish","type":"post","link":"http:\/\/gbp.podedworze.pl\/index.php\/2025\/02\/13\/zajecia-w-bibliotece-podczas-ferii-zimowych-w-dniach-24-27-luty-w-naszej-bibliotece\/","title":{"rendered":"Zaj\u0119cia w bibliotece podczas ferii zimowych w dniach 24-28 luty w naszej bibliotece"},"content":{"rendered":"<div id=\"dslc-theme-content\"><div id=\"dslc-theme-content-inner\">\n<div class=\"wp-block-media-text is-stacked-on-mobile\"><figure class=\"wp-block-media-text__media\"><img fetchpriority=\"high\" decoding=\"async\" width=\"1414\" height=\"2000\" src=\"http:\/\/gbp.podedworze.pl\/wp-content\/uploads\/2025\/02\/Green-And-Yellow-Illustrative-Winter-Kids-Camp-Poster.jpg\" alt=\"\" class=\"wp-image-3904 size-full\" srcset=\"http:\/\/gbp.podedworze.pl\/wp-content\/uploads\/2025\/02\/Green-And-Yellow-Illustrative-Winter-Kids-Camp-Poster.jpg 1414w, http:\/\/gbp.podedworze.pl\/wp-content\/uploads\/2025\/02\/Green-And-Yellow-Illustrative-Winter-Kids-Camp-Poster-768x1086.jpg 768w, http:\/\/gbp.podedworze.pl\/wp-content\/uploads\/2025\/02\/Green-And-Yellow-Illustrative-Winter-Kids-Camp-Poster-1086x1536.jpg 1086w\" sizes=\"(max-width: 1414px) 100vw, 1414px\" \/><\/figure><div class=\"wp-block-media-text__content\">\n<h3 class=\"wp-block-heading\">Zapraszamy do zapis\u00f3w. Szczeg\u00f3\u0142owych informacji udzielimy w bibliotece lub pod numerem telefonu 833 795 030<\/h3>\n\n\n\n<div class=\"wp-block-file\"><a id=\"wp-block-file--media-d27a0a4f-3c21-42fe-ad8c-c0f63e61c802\" href=\"http:\/\/gbp.podedworze.pl\/wp-content\/uploads\/2025\/02\/Karta-Zgloszen-Ferie-zimowe-2025.odt\">Karta Zg\u0142osze\u0144 - Ferie zimowe 2025<\/a><a href=\"http:\/\/gbp.podedworze.pl\/wp-content\/uploads\/2025\/02\/Karta-Zgloszen-Ferie-zimowe-2025.odt\" class=\"wp-block-file__button wp-element-button\" download aria-describedby=\"wp-block-file--media-d27a0a4f-3c21-42fe-ad8c-c0f63e61c802\">Pobierz<\/a><\/div>\n\n\n\n<div class=\"wp-block-file\"><a id=\"wp-block-file--media-571e914d-4f94-4636-8c78-82fe878db706\" href=\"http:\/\/gbp.podedworze.pl\/wp-content\/uploads\/2025\/02\/Regulamin-Zajec-Ferie-zimowe-2025.odt\">Regulamin Zaj\u0119\u0107 - Ferie zimowe 2025<\/a><a href=\"http:\/\/gbp.podedworze.pl\/wp-content\/uploads\/2025\/02\/Regulamin-Zajec-Ferie-zimowe-2025.odt\" class=\"wp-block-file__button wp-element-button\" download aria-describedby=\"wp-block-file--media-571e914d-4f94-4636-8c78-82fe878db706\">Pobierz<\/a><\/div>\n<\/div><\/div>\n<\/div><\/div>","protected":false},"excerpt":{"rendered":"","protected":false},"author":5,"featured_media":0,"comment_status":"closed","ping_status":"closed","sticky":false,"template":"","format":"standard","meta":{"_monsterinsights_skip_tracking":false,"_monsterinsights_sitenote_active":false,"_monsterinsights_sitenote_note":"","_monsterinsights_sitenote_category":0,"footnotes":""},"categories":[1],"tags":[],"class_list":["post-3903","post","type-post","status-publish","format-standard","hentry","category-bez-kategorii"],"yoast_head":"<!-- This site is optimized with the Yoast SEO plugin v24.3 - https:\/\/yoast.com\/wordpress\/plugins\/seo\/ -->\n<title>Zaj\u0119cia w bibliotece podczas ferii zimowych w dniach 24-28 luty w naszej bibliotece -<\/title>\n<meta name=\"robots\" content=\"index, follow, max-snippet:-1, max-image-preview:large, max-video-preview:-1\" \/>\n<link rel=\"canonical\" href=\"http:\/\/gbp.podedworze.pl\/index.php\/2025\/02\/13\/zajecia-w-bibliotece-podczas-ferii-zimowych-w-dniach-24-27-luty-w-naszej-bibliotece\/\" \/>\n<meta property=\"og:locale\" content=\"pl_PL\" \/>\n<meta property=\"og:type\" content=\"article\" \/>\n<meta property=\"og:title\" content=\"Zaj\u0119cia w bibliotece podczas ferii zimowych w dniach 24-28 luty w naszej bibliotece -\" \/>\n<meta property=\"og:url\" content=\"http:\/\/gbp.podedworze.pl\/index.php\/2025\/02\/13\/zajecia-w-bibliotece-podczas-ferii-zimowych-w-dniach-24-27-luty-w-naszej-bibliotece\/\" \/>\n<meta property=\"article:publisher\" content=\"https:\/\/www.facebook.com\/GBPwPodedworzu\" \/>\n<meta property=\"article:published_time\" content=\"2025-02-13T14:43:57+00:00\" \/>\n<meta property=\"article:modified_time\" content=\"2025-02-13T14:50:21+00:00\" \/>\n<meta property=\"og:image\" content=\"http:\/\/gbp.podedworze.pl\/wp-content\/uploads\/2025\/02\/Green-And-Yellow-Illustrative-Winter-Kids-Camp-Poster.jpg\" \/>\n<meta name=\"author\" content=\"Agnieszka Juchno\" \/>\n<meta name=\"twitter:card\" content=\"summary_large_image\" \/>\n<meta name=\"twitter:label1\" content=\"Napisane przez\" \/>\n\t<meta name=\"twitter:data1\" content=\"Agnieszka Juchno\" \/>\n\t<meta name=\"twitter:label2\" content=\"Szacowany czas czytania\" \/>\n\t<meta name=\"twitter:data2\" content=\"1 minuta\" \/>\n<script type=\"application\/ld+json\" class=\"yoast-schema-graph\">{\"@context\":\"https:\/\/schema.org\",\"@graph\":[{\"@type\":\"Article\",\"@id\":\"http:\/\/gbp.podedworze.pl\/index.php\/2025\/02\/13\/zajecia-w-bibliotece-podczas-ferii-zimowych-w-dniach-24-27-luty-w-naszej-bibliotece\/#article\",\"isPartOf\":{\"@id\":\"http:\/\/gbp.podedworze.pl\/index.php\/2025\/02\/13\/zajecia-w-bibliotece-podczas-ferii-zimowych-w-dniach-24-27-luty-w-naszej-bibliotece\/\"},\"author\":{\"name\":\"Agnieszka Juchno\",\"@id\":\"http:\/\/gbp.podedworze.pl\/#\/schema\/person\/2a7b643e59701c61235471a041776408\"},\"headline\":\"Zaj\u0119cia w bibliotece podczas ferii zimowych w dniach 24-28 luty w naszej bibliotece\",\"datePublished\":\"2025-02-13T14:43:57+00:00\",\"dateModified\":\"2025-02-13T14:50:21+00:00\",\"mainEntityOfPage\":{\"@id\":\"http:\/\/gbp.podedworze.pl\/index.php\/2025\/02\/13\/zajecia-w-bibliotece-podczas-ferii-zimowych-w-dniach-24-27-luty-w-naszej-bibliotece\/\"},\"wordCount\":41,\"publisher\":{\"@id\":\"http:\/\/gbp.podedworze.pl\/#organization\"},\"image\":{\"@id\":\"http:\/\/gbp.podedworze.pl\/index.php\/2025\/02\/13\/zajecia-w-bibliotece-podczas-ferii-zimowych-w-dniach-24-27-luty-w-naszej-bibliotece\/#primaryimage\"},\"thumbnailUrl\":\"http:\/\/gbp.podedworze.pl\/wp-content\/uploads\/2025\/02\/Green-And-Yellow-Illustrative-Winter-Kids-Camp-Poster.jpg\",\"inLanguage\":\"pl-PL\"},{\"@type\":\"WebPage\",\"@id\":\"http:\/\/gbp.podedworze.pl\/index.php\/2025\/02\/13\/zajecia-w-bibliotece-podczas-ferii-zimowych-w-dniach-24-27-luty-w-naszej-bibliotece\/\",\"url\":\"http:\/\/gbp.podedworze.pl\/index.php\/2025\/02\/13\/zajecia-w-bibliotece-podczas-ferii-zimowych-w-dniach-24-27-luty-w-naszej-bibliotece\/\",\"name\":\"Zaj\u0119cia w bibliotece podczas ferii zimowych w dniach 24-28 luty w naszej bibliotece -\",\"isPartOf\":{\"@id\":\"http:\/\/gbp.podedworze.pl\/#website\"},\"primaryImageOfPage\":{\"@id\":\"http:\/\/gbp.podedworze.pl\/index.php\/2025\/02\/13\/zajecia-w-bibliotece-podczas-ferii-zimowych-w-dniach-24-27-luty-w-naszej-bibliotece\/#primaryimage\"},\"image\":{\"@id\":\"http:\/\/gbp.podedworze.pl\/index.php\/2025\/02\/13\/zajecia-w-bibliotece-podczas-ferii-zimowych-w-dniach-24-27-luty-w-naszej-bibliotece\/#primaryimage\"},\"thumbnailUrl\":\"http:\/\/gbp.podedworze.pl\/wp-content\/uploads\/2025\/02\/Green-And-Yellow-Illustrative-Winter-Kids-Camp-Poster.jpg\",\"datePublished\":\"2025-02-13T14:43:57+00:00\",\"dateModified\":\"2025-02-13T14:50:21+00:00\",\"breadcrumb\":{\"@id\":\"http:\/\/gbp.podedworze.pl\/index.php\/2025\/02\/13\/zajecia-w-bibliotece-podczas-ferii-zimowych-w-dniach-24-27-luty-w-naszej-bibliotece\/#breadcrumb\"},\"inLanguage\":\"pl-PL\",\"potentialAction\":[{\"@type\":\"ReadAction\",\"target\":[\"http:\/\/gbp.podedworze.pl\/index.php\/2025\/02\/13\/zajecia-w-bibliotece-podczas-ferii-zimowych-w-dniach-24-27-luty-w-naszej-bibliotece\/\"]}]},{\"@type\":\"ImageObject\",\"inLanguage\":\"pl-PL\",\"@id\":\"http:\/\/gbp.podedworze.pl\/index.php\/2025\/02\/13\/zajecia-w-bibliotece-podczas-ferii-zimowych-w-dniach-24-27-luty-w-naszej-bibliotece\/#primaryimage\",\"url\":\"http:\/\/gbp.podedworze.pl\/wp-content\/uploads\/2025\/02\/Green-And-Yellow-Illustrative-Winter-Kids-Camp-Poster.jpg\",\"contentUrl\":\"http:\/\/gbp.podedworze.pl\/wp-content\/uploads\/2025\/02\/Green-And-Yellow-Illustrative-Winter-Kids-Camp-Poster.jpg\",\"width\":1414,\"height\":2000},{\"@type\":\"BreadcrumbList\",\"@id\":\"http:\/\/gbp.podedworze.pl\/index.php\/2025\/02\/13\/zajecia-w-bibliotece-podczas-ferii-zimowych-w-dniach-24-27-luty-w-naszej-bibliotece\/#breadcrumb\",\"itemListElement\":[{\"@type\":\"ListItem\",\"position\":1,\"name\":\"Strona g\u0142\u00f3wna\",\"item\":\"http:\/\/gbp.podedworze.pl\/\"},{\"@type\":\"ListItem\",\"position\":2,\"name\":\"Zaj\u0119cia w bibliotece podczas ferii zimowych w dniach 24-28 luty w naszej bibliotece\"}]},{\"@type\":\"WebSite\",\"@id\":\"http:\/\/gbp.podedworze.pl\/#website\",\"url\":\"http:\/\/gbp.podedworze.pl\/\",\"name\":\"GMINNA BIBLIOTEKA PUBLICZNA W PODEDW\u00d3RZU\",\"description\":\"\",\"publisher\":{\"@id\":\"http:\/\/gbp.podedworze.pl\/#organization\"},\"potentialAction\":[{\"@type\":\"SearchAction\",\"target\":{\"@type\":\"EntryPoint\",\"urlTemplate\":\"http:\/\/gbp.podedworze.pl\/?s={search_term_string}\"},\"query-input\":{\"@type\":\"PropertyValueSpecification\",\"valueRequired\":true,\"valueName\":\"search_term_string\"}}],\"inLanguage\":\"pl-PL\"},{\"@type\":\"Organization\",\"@id\":\"http:\/\/gbp.podedworze.pl\/#organization\",\"name\":\"Gminna Biblioteka Publiczna w Podedw\u00f3rzu\",\"url\":\"http:\/\/gbp.podedworze.pl\/\",\"logo\":{\"@type\":\"ImageObject\",\"inLanguage\":\"pl-PL\",\"@id\":\"http:\/\/gbp.podedworze.pl\/#\/schema\/logo\/image\/\",\"url\":\"http:\/\/gbp.podedworze.pl\/wp-content\/uploads\/2020\/06\/logo.png\",\"contentUrl\":\"http:\/\/gbp.podedworze.pl\/wp-content\/uploads\/2020\/06\/logo.png\",\"width\":500,\"height\":500,\"caption\":\"Gminna Biblioteka Publiczna w Podedw\u00f3rzu\"},\"image\":{\"@id\":\"http:\/\/gbp.podedworze.pl\/#\/schema\/logo\/image\/\"},\"sameAs\":[\"https:\/\/www.facebook.com\/GBPwPodedworzu\"]},{\"@type\":\"Person\",\"@id\":\"http:\/\/gbp.podedworze.pl\/#\/schema\/person\/2a7b643e59701c61235471a041776408\",\"name\":\"Agnieszka Juchno\",\"image\":{\"@type\":\"ImageObject\",\"inLanguage\":\"pl-PL\",\"@id\":\"http:\/\/gbp.podedworze.pl\/#\/schema\/person\/image\/\",\"url\":\"https:\/\/secure.gravatar.com\/avatar\/649e27e1788d79268446202f1375dce9?s=96&d=mm&r=g\",\"contentUrl\":\"https:\/\/secure.gravatar.com\/avatar\/649e27e1788d79268446202f1375dce9?s=96&d=mm&r=g\",\"caption\":\"Agnieszka Juchno\"},\"sameAs\":[\"http:\/\/gbp.podedworze.pl\"],\"url\":\"http:\/\/gbp.podedworze.pl\/index.php\/author\/agnieszka\/\"}]}<\/script>\n<!-- \/ Yoast SEO plugin. -->","yoast_head_json":{"title":"Zaj\u0119cia w bibliotece podczas ferii zimowych w dniach 24-28 luty w naszej bibliotece -","robots":{"index":"index","follow":"follow","max-snippet":"max-snippet:-1","max-image-preview":"max-image-preview:large","max-video-preview":"max-video-preview:-1"},"canonical":"http:\/\/gbp.podedworze.pl\/index.php\/2025\/02\/13\/zajecia-w-bibliotece-podczas-ferii-zimowych-w-dniach-24-27-luty-w-naszej-bibliotece\/","og_locale":"pl_PL","og_type":"article","og_title":"Zaj\u0119cia w bibliotece podczas ferii zimowych w dniach 24-28 luty w naszej bibliotece -","og_url":"http:\/\/gbp.podedworze.pl\/index.php\/2025\/02\/13\/zajecia-w-bibliotece-podczas-ferii-zimowych-w-dniach-24-27-luty-w-naszej-bibliotece\/","article_publisher":"https:\/\/www.facebook.com\/GBPwPodedworzu","article_published_time":"2025-02-13T14:43:57+00:00","article_modified_time":"2025-02-13T14:50:21+00:00","og_image":[{"url":"http:\/\/gbp.podedworze.pl\/wp-content\/uploads\/2025\/02\/Green-And-Yellow-Illustrative-Winter-Kids-Camp-Poster.jpg","type":"","width":"","height":""}],"author":"Agnieszka Juchno","twitter_card":"summary_large_image","twitter_misc":{"Napisane przez":"Agnieszka Juchno","Szacowany czas czytania":"1 minuta"},"schema":{"@context":"https:\/\/schema.org","@graph":[{"@type":"Article","@id":"http:\/\/gbp.podedworze.pl\/index.php\/2025\/02\/13\/zajecia-w-bibliotece-podczas-ferii-zimowych-w-dniach-24-27-luty-w-naszej-bibliotece\/#article","isPartOf":{"@id":"http:\/\/gbp.podedworze.pl\/index.php\/2025\/02\/13\/zajecia-w-bibliotece-podczas-ferii-zimowych-w-dniach-24-27-luty-w-naszej-bibliotece\/"},"author":{"name":"Agnieszka Juchno","@id":"http:\/\/gbp.podedworze.pl\/#\/schema\/person\/2a7b643e59701c61235471a041776408"},"headline":"Zaj\u0119cia w bibliotece podczas ferii zimowych w dniach 24-28 luty w naszej bibliotece","datePublished":"2025-02-13T14:43:57+00:00","dateModified":"2025-02-13T14:50:21+00:00","mainEntityOfPage":{"@id":"http:\/\/gbp.podedworze.pl\/index.php\/2025\/02\/13\/zajecia-w-bibliotece-podczas-ferii-zimowych-w-dniach-24-27-luty-w-naszej-bibliotece\/"},"wordCount":41,"publisher":{"@id":"http:\/\/gbp.podedworze.pl\/#organization"},"image":{"@id":"http:\/\/gbp.podedworze.pl\/index.php\/2025\/02\/13\/zajecia-w-bibliotece-podczas-ferii-zimowych-w-dniach-24-27-luty-w-naszej-bibliotece\/#primaryimage"},"thumbnailUrl":"http:\/\/gbp.podedworze.pl\/wp-content\/uploads\/2025\/02\/Green-And-Yellow-Illustrative-Winter-Kids-Camp-Poster.jpg","inLanguage":"pl-PL"},{"@type":"WebPage","@id":"http:\/\/gbp.podedworze.pl\/index.php\/2025\/02\/13\/zajecia-w-bibliotece-podczas-ferii-zimowych-w-dniach-24-27-luty-w-naszej-bibliotece\/","url":"http:\/\/gbp.podedworze.pl\/index.php\/2025\/02\/13\/zajecia-w-bibliotece-podczas-ferii-zimowych-w-dniach-24-27-luty-w-naszej-bibliotece\/","name":"Zaj\u0119cia w bibliotece podczas ferii zimowych w dniach 24-28 luty w naszej bibliotece -","isPartOf":{"@id":"http:\/\/gbp.podedworze.pl\/#website"},"primaryImageOfPage":{"@id":"http:\/\/gbp.podedworze.pl\/index.php\/2025\/02\/13\/zajecia-w-bibliotece-podczas-ferii-zimowych-w-dniach-24-27-luty-w-naszej-bibliotece\/#primaryimage"},"image":{"@id":"http:\/\/gbp.podedworze.pl\/index.php\/2025\/02\/13\/zajecia-w-bibliotece-podczas-ferii-zimowych-w-dniach-24-27-luty-w-naszej-bibliotece\/#primaryimage"},"thumbnailUrl":"http:\/\/gbp.podedworze.pl\/wp-content\/uploads\/2025\/02\/Green-And-Yellow-Illustrative-Winter-Kids-Camp-Poster.jpg","datePublished":"2025-02-13T14:43:57+00:00","dateModified":"2025-02-13T14:50:21+00:00","breadcrumb":{"@id":"http:\/\/gbp.podedworze.pl\/index.php\/2025\/02\/13\/zajecia-w-bibliotece-podczas-ferii-zimowych-w-dniach-24-27-luty-w-naszej-bibliotece\/#breadcrumb"},"inLanguage":"pl-PL","potentialAction":[{"@type":"ReadAction","target":["http:\/\/gbp.podedworze.pl\/index.php\/2025\/02\/13\/zajecia-w-bibliotece-podczas-ferii-zimowych-w-dniach-24-27-luty-w-naszej-bibliotece\/"]}]},{"@type":"ImageObject","inLanguage":"pl-PL","@id":"http:\/\/gbp.podedworze.pl\/index.php\/2025\/02\/13\/zajecia-w-bibliotece-podczas-ferii-zimowych-w-dniach-24-27-luty-w-naszej-bibliotece\/#primaryimage","url":"http:\/\/gbp.podedworze.pl\/wp-content\/uploads\/2025\/02\/Green-And-Yellow-Illustrative-Winter-Kids-Camp-Poster.jpg","contentUrl":"http:\/\/gbp.podedworze.pl\/wp-content\/uploads\/2025\/02\/Green-And-Yellow-Illustrative-Winter-Kids-Camp-Poster.jpg","width":1414,"height":2000},{"@type":"BreadcrumbList","@id":"http:\/\/gbp.podedworze.pl\/index.php\/2025\/02\/13\/zajecia-w-bibliotece-podczas-ferii-zimowych-w-dniach-24-27-luty-w-naszej-bibliotece\/#breadcrumb","itemListElement":[{"@type":"ListItem","position":1,"name":"Strona g\u0142\u00f3wna","item":"http:\/\/gbp.podedworze.pl\/"},{"@type":"ListItem","position":2,"name":"Zaj\u0119cia w bibliotece podczas ferii zimowych w dniach 24-28 luty w naszej bibliotece"}]},{"@type":"WebSite","@id":"http:\/\/gbp.podedworze.pl\/#website","url":"http:\/\/gbp.podedworze.pl\/","name":"GMINNA BIBLIOTEKA PUBLICZNA W PODEDW\u00d3RZU","description":"","publisher":{"@id":"http:\/\/gbp.podedworze.pl\/#organization"},"potentialAction":[{"@type":"SearchAction","target":{"@type":"EntryPoint","urlTemplate":"http:\/\/gbp.podedworze.pl\/?s={search_term_string}"},"query-input":{"@type":"PropertyValueSpecification","valueRequired":true,"valueName":"search_term_string"}}],"inLanguage":"pl-PL"},{"@type":"Organization","@id":"http:\/\/gbp.podedworze.pl\/#organization","name":"Gminna Biblioteka Publiczna w Podedw\u00f3rzu","url":"http:\/\/gbp.podedworze.pl\/","logo":{"@type":"ImageObject","inLanguage":"pl-PL","@id":"http:\/\/gbp.podedworze.pl\/#\/schema\/logo\/image\/","url":"http:\/\/gbp.podedworze.pl\/wp-content\/uploads\/2020\/06\/logo.png","contentUrl":"http:\/\/gbp.podedworze.pl\/wp-content\/uploads\/2020\/06\/logo.png","width":500,"height":500,"caption":"Gminna Biblioteka Publiczna w Podedw\u00f3rzu"},"image":{"@id":"http:\/\/gbp.podedworze.pl\/#\/schema\/logo\/image\/"},"sameAs":["https:\/\/www.facebook.com\/GBPwPodedworzu"]},{"@type":"Person","@id":"http:\/\/gbp.podedworze.pl\/#\/schema\/person\/2a7b643e59701c61235471a041776408","name":"Agnieszka Juchno","image":{"@type":"ImageObject","inLanguage":"pl-PL","@id":"http:\/\/gbp.podedworze.pl\/#\/schema\/person\/image\/","url":"https:\/\/secure.gravatar.com\/avatar\/649e27e1788d79268446202f1375dce9?s=96&d=mm&r=g","contentUrl":"https:\/\/secure.gravatar.com\/avatar\/649e27e1788d79268446202f1375dce9?s=96&d=mm&r=g","caption":"Agnieszka Juchno"},"sameAs":["http:\/\/gbp.podedworze.pl"],"url":"http:\/\/gbp.podedworze.pl\/index.php\/author\/agnieszka\/"}]}},"_links":{"self":[{"href":"http:\/\/gbp.podedworze.pl\/index.php\/wp-json\/wp\/v2\/posts\/3903","targetHints":{"allow":["GET"]}}],"collection":[{"href":"http:\/\/gbp.podedworze.pl\/index.php\/wp-json\/wp\/v2\/posts"}],"about":[{"href":"http:\/\/gbp.podedworze.pl\/index.php\/wp-json\/wp\/v2\/types\/post"}],"author":[{"embeddable":true,"href":"http:\/\/gbp.podedworze.pl\/index.php\/wp-json\/wp\/v2\/users\/5"}],"replies":[{"embeddable":true,"href":"http:\/\/gbp.podedworze.pl\/index.php\/wp-json\/wp\/v2\/comments?post=3903"}],"version-history":[{"count":2,"href":"http:\/\/gbp.podedworze.pl\/index.php\/wp-json\/wp\/v2\/posts\/3903\/revisions"}],"predecessor-version":[{"id":3909,"href":"http:\/\/gbp.podedworze.pl\/index.php\/wp-json\/wp\/v2\/posts\/3903\/revisions\/3909"}],"wp:attachment":[{"href":"http:\/\/gbp.podedworze.pl\/index.php\/wp-json\/wp\/v2\/media?parent=3903"}],"wp:term":[{"taxonomy":"category","embeddable":true,"href":"http:\/\/gbp.podedworze.pl\/index.php\/wp-json\/wp\/v2\/categories?post=3903"},{"taxonomy":"post_tag","embeddable":true,"href":"http:\/\/gbp.podedworze.pl\/index.php\/wp-json\/wp\/v2\/tags?post=3903"}],"curies":[{"name":"wp","href":"https:\/\/api.w.org\/{rel}","templated":true}]}}