{"id":3334,"date":"2023-06-27T12:14:28","date_gmt":"2023-06-27T10:14:28","guid":{"rendered":"http:\/\/gbp.podedworze.pl\/?p=3334"},"modified":"2023-06-27T12:14:30","modified_gmt":"2023-06-27T10:14:30","slug":"letnie-nowosci-czytelnicze","status":"publish","type":"post","link":"http:\/\/gbp.podedworze.pl\/index.php\/2023\/06\/27\/letnie-nowosci-czytelnicze\/","title":{"rendered":"Letnie nowo\u015bci czytelnicze"},"content":{"rendered":"<div id=\"dslc-theme-content\"><div id=\"dslc-theme-content-inner\">\n<div class=\"wp-block-media-text alignwide is-stacked-on-mobile\"><figure class=\"wp-block-media-text__media\"><img fetchpriority=\"high\" decoding=\"async\" width=\"2000\" height=\"1448\" src=\"http:\/\/gbp.podedworze.pl\/wp-content\/uploads\/2023\/06\/nowosci-czytelnicze.png\" alt=\"\" class=\"wp-image-3336 size-full\" srcset=\"http:\/\/gbp.podedworze.pl\/wp-content\/uploads\/2023\/06\/nowosci-czytelnicze.png 2000w, http:\/\/gbp.podedworze.pl\/wp-content\/uploads\/2023\/06\/nowosci-czytelnicze-768x556.png 768w, http:\/\/gbp.podedworze.pl\/wp-content\/uploads\/2023\/06\/nowosci-czytelnicze-1536x1112.png 1536w\" sizes=\"(max-width: 2000px) 100vw, 2000px\" \/><\/figure><div class=\"wp-block-media-text__content\">\n<h3 class=\"wp-block-heading\">Letnie nowo\u015bci czytelnicze ju\u017c dost\u0119pne w Bibliotece!<\/h3>\n\n\n\n<p> Najnowsza powie\u015b\u0107 Joanny Jax to gratka dla fan\u00f3w powie\u015bci historycznej. Dla os\u00f3b, kt\u00f3re wol\u0105 krymina\u0142y znajdzie si\u0119 r\u00f3wnie\u017c kilka tytu\u0142\u00f3w Wojciecha Chmielarza oraz najnowsze powie\u015bci Katarzyny Puzy\u0144skiej  i S\u0142awomira Gortycha. Nie zapomnieli\u015bmy r\u00f3wnie\u017c o najm\u0142odszych - warto wypo\u017cyczy\u0107 \"Pi\u0119knie si\u0119 r\u00f3\u017cnimy\"  Tracey Turne. Zakupili\u015bmy te\u017c kilka ciekawych pozycji traktuj\u0105cych o kulturze dawnych S\u0142owian. tj. \"\u015aladami pierwotnych wierze\u0144\" i \u015awiat S\u0142owian. Kultura, przyroda, duchowo\u015b\u0107\"  <a href=\"https:\/\/lubimyczytac.pl\/autor\/34641\/leonard-j-pelka\">Leonarda J. Pe\u0142k<\/a>i.  <\/p>\n\n\n\n<p> To tylko fragment tego co mo\u017cecie znale\u017a\u0107 w Bibliotece. Nawet na grafice nie zmie\u015bci\u0142y si\u0119 wszystkie tytu\u0142y. Przyjd\u017acie do Nas i przekonajcie si\u0119 sami! <\/p>\n<\/div><\/div>\n<\/div><\/div>","protected":false},"excerpt":{"rendered":"<p>Letnie nowo\u015bci czytelnicze ju\u017c dost\u0119pne w Bibliotece! Najnowsza powie\u015b\u0107 Joanny Jax to gratka dla fan\u00f3w powie\u015bci historycznej. Dla os\u00f3b, kt\u00f3re wol\u0105 krymina\u0142y znajdzie si\u0119 r\u00f3wnie\u017c kilka tytu\u0142\u00f3w Wojciecha Chmielarza oraz najnowsze powie\u015bci Katarzyny Puzy\u0144skiej i S\u0142awomira Gortycha. Nie zapomnieli\u015bmy r\u00f3wnie\u017c o najm\u0142odszych - warto wypo\u017cyczy\u0107 \"Pi\u0119knie si\u0119 r\u00f3\u017cnimy\" Tracey Turne. Zakupili\u015bmy te\u017c kilka ciekawych pozycji ... <a title=\"Letnie nowo\u015bci czytelnicze\" class=\"read-more\" href=\"http:\/\/gbp.podedworze.pl\/index.php\/2023\/06\/27\/letnie-nowosci-czytelnicze\/\" aria-label=\"Read more about Letnie nowo\u015bci czytelnicze\">Dowiedz si\u0119 wi\u0119cej<\/a><\/p>\n","protected":false},"author":5,"featured_media":0,"comment_status":"open","ping_status":"open","sticky":false,"template":"","format":"standard","meta":{"_monsterinsights_skip_tracking":false,"_monsterinsights_sitenote_active":false,"_monsterinsights_sitenote_note":"","_monsterinsights_sitenote_category":0,"footnotes":""},"categories":[27,94],"tags":[],"class_list":["post-3334","post","type-post","status-publish","format-standard","hentry","category-dla-czytelnika","category-swieze-buleczki"],"yoast_head":"<!-- This site is optimized with the Yoast SEO plugin v24.3 - https:\/\/yoast.com\/wordpress\/plugins\/seo\/ -->\n<title>Letnie nowo\u015bci czytelnicze -<\/title>\n<meta name=\"robots\" content=\"index, follow, max-snippet:-1, max-image-preview:large, max-video-preview:-1\" \/>\n<link rel=\"canonical\" href=\"http:\/\/gbp.podedworze.pl\/index.php\/2023\/06\/27\/letnie-nowosci-czytelnicze\/\" \/>\n<meta property=\"og:locale\" content=\"pl_PL\" \/>\n<meta property=\"og:type\" content=\"article\" \/>\n<meta property=\"og:title\" content=\"Letnie nowo\u015bci czytelnicze -\" \/>\n<meta property=\"og:description\" content=\"Letnie nowo\u015bci czytelnicze ju\u017c dost\u0119pne w Bibliotece! Najnowsza powie\u015b\u0107 Joanny Jax to gratka dla fan\u00f3w powie\u015bci historycznej. Dla os\u00f3b, kt\u00f3re wol\u0105 krymina\u0142y znajdzie si\u0119 r\u00f3wnie\u017c kilka tytu\u0142\u00f3w Wojciecha Chmielarza oraz najnowsze powie\u015bci Katarzyny Puzy\u0144skiej i S\u0142awomira Gortycha. Nie zapomnieli\u015bmy r\u00f3wnie\u017c o najm\u0142odszych - warto wypo\u017cyczy\u0107 &quot;Pi\u0119knie si\u0119 r\u00f3\u017cnimy&quot; Tracey Turne. Zakupili\u015bmy te\u017c kilka ciekawych pozycji ... Dowiedz si\u0119 wi\u0119cej\" \/>\n<meta property=\"og:url\" content=\"http:\/\/gbp.podedworze.pl\/index.php\/2023\/06\/27\/letnie-nowosci-czytelnicze\/\" \/>\n<meta property=\"article:publisher\" content=\"https:\/\/www.facebook.com\/GBPwPodedworzu\" \/>\n<meta property=\"article:published_time\" content=\"2023-06-27T10:14:28+00:00\" \/>\n<meta property=\"article:modified_time\" content=\"2023-06-27T10:14:30+00:00\" \/>\n<meta property=\"og:image\" content=\"http:\/\/gbp.podedworze.pl\/wp-content\/uploads\/2023\/06\/nowosci-czytelnicze.png\" \/>\n<meta name=\"author\" content=\"Agnieszka Juchno\" \/>\n<meta name=\"twitter:card\" content=\"summary_large_image\" \/>\n<meta name=\"twitter:label1\" content=\"Napisane przez\" \/>\n\t<meta name=\"twitter:data1\" content=\"Agnieszka Juchno\" \/>\n\t<meta name=\"twitter:label2\" content=\"Szacowany czas czytania\" \/>\n\t<meta name=\"twitter:data2\" content=\"1 minuta\" \/>\n<script type=\"application\/ld+json\" class=\"yoast-schema-graph\">{\"@context\":\"https:\/\/schema.org\",\"@graph\":[{\"@type\":\"Article\",\"@id\":\"http:\/\/gbp.podedworze.pl\/index.php\/2023\/06\/27\/letnie-nowosci-czytelnicze\/#article\",\"isPartOf\":{\"@id\":\"http:\/\/gbp.podedworze.pl\/index.php\/2023\/06\/27\/letnie-nowosci-czytelnicze\/\"},\"author\":{\"name\":\"Agnieszka Juchno\",\"@id\":\"http:\/\/gbp.podedworze.pl\/#\/schema\/person\/2a7b643e59701c61235471a041776408\"},\"headline\":\"Letnie nowo\u015bci czytelnicze\",\"datePublished\":\"2023-06-27T10:14:28+00:00\",\"dateModified\":\"2023-06-27T10:14:30+00:00\",\"mainEntityOfPage\":{\"@id\":\"http:\/\/gbp.podedworze.pl\/index.php\/2023\/06\/27\/letnie-nowosci-czytelnicze\/\"},\"wordCount\":129,\"commentCount\":0,\"publisher\":{\"@id\":\"http:\/\/gbp.podedworze.pl\/#organization\"},\"image\":{\"@id\":\"http:\/\/gbp.podedworze.pl\/index.php\/2023\/06\/27\/letnie-nowosci-czytelnicze\/#primaryimage\"},\"thumbnailUrl\":\"http:\/\/gbp.podedworze.pl\/wp-content\/uploads\/2023\/06\/nowosci-czytelnicze.png\",\"articleSection\":[\"Dla Czytelnika\",\"\u015awie\u017ce Bu\u0142eczki w Naszej Bibliotece\"],\"inLanguage\":\"pl-PL\"},{\"@type\":\"WebPage\",\"@id\":\"http:\/\/gbp.podedworze.pl\/index.php\/2023\/06\/27\/letnie-nowosci-czytelnicze\/\",\"url\":\"http:\/\/gbp.podedworze.pl\/index.php\/2023\/06\/27\/letnie-nowosci-czytelnicze\/\",\"name\":\"Letnie nowo\u015bci czytelnicze -\",\"isPartOf\":{\"@id\":\"http:\/\/gbp.podedworze.pl\/#website\"},\"primaryImageOfPage\":{\"@id\":\"http:\/\/gbp.podedworze.pl\/index.php\/2023\/06\/27\/letnie-nowosci-czytelnicze\/#primaryimage\"},\"image\":{\"@id\":\"http:\/\/gbp.podedworze.pl\/index.php\/2023\/06\/27\/letnie-nowosci-czytelnicze\/#primaryimage\"},\"thumbnailUrl\":\"http:\/\/gbp.podedworze.pl\/wp-content\/uploads\/2023\/06\/nowosci-czytelnicze.png\",\"datePublished\":\"2023-06-27T10:14:28+00:00\",\"dateModified\":\"2023-06-27T10:14:30+00:00\",\"breadcrumb\":{\"@id\":\"http:\/\/gbp.podedworze.pl\/index.php\/2023\/06\/27\/letnie-nowosci-czytelnicze\/#breadcrumb\"},\"inLanguage\":\"pl-PL\",\"potentialAction\":[{\"@type\":\"ReadAction\",\"target\":[\"http:\/\/gbp.podedworze.pl\/index.php\/2023\/06\/27\/letnie-nowosci-czytelnicze\/\"]}]},{\"@type\":\"ImageObject\",\"inLanguage\":\"pl-PL\",\"@id\":\"http:\/\/gbp.podedworze.pl\/index.php\/2023\/06\/27\/letnie-nowosci-czytelnicze\/#primaryimage\",\"url\":\"http:\/\/gbp.podedworze.pl\/wp-content\/uploads\/2023\/06\/nowosci-czytelnicze.png\",\"contentUrl\":\"http:\/\/gbp.podedworze.pl\/wp-content\/uploads\/2023\/06\/nowosci-czytelnicze.png\",\"width\":2000,\"height\":1448},{\"@type\":\"BreadcrumbList\",\"@id\":\"http:\/\/gbp.podedworze.pl\/index.php\/2023\/06\/27\/letnie-nowosci-czytelnicze\/#breadcrumb\",\"itemListElement\":[{\"@type\":\"ListItem\",\"position\":1,\"name\":\"Strona g\u0142\u00f3wna\",\"item\":\"http:\/\/gbp.podedworze.pl\/\"},{\"@type\":\"ListItem\",\"position\":2,\"name\":\"Letnie nowo\u015bci czytelnicze\"}]},{\"@type\":\"WebSite\",\"@id\":\"http:\/\/gbp.podedworze.pl\/#website\",\"url\":\"http:\/\/gbp.podedworze.pl\/\",\"name\":\"GMINNA BIBLIOTEKA PUBLICZNA W PODEDW\u00d3RZU\",\"description\":\"\",\"publisher\":{\"@id\":\"http:\/\/gbp.podedworze.pl\/#organization\"},\"potentialAction\":[{\"@type\":\"SearchAction\",\"target\":{\"@type\":\"EntryPoint\",\"urlTemplate\":\"http:\/\/gbp.podedworze.pl\/?s={search_term_string}\"},\"query-input\":{\"@type\":\"PropertyValueSpecification\",\"valueRequired\":true,\"valueName\":\"search_term_string\"}}],\"inLanguage\":\"pl-PL\"},{\"@type\":\"Organization\",\"@id\":\"http:\/\/gbp.podedworze.pl\/#organization\",\"name\":\"Gminna Biblioteka Publiczna w Podedw\u00f3rzu\",\"url\":\"http:\/\/gbp.podedworze.pl\/\",\"logo\":{\"@type\":\"ImageObject\",\"inLanguage\":\"pl-PL\",\"@id\":\"http:\/\/gbp.podedworze.pl\/#\/schema\/logo\/image\/\",\"url\":\"http:\/\/gbp.podedworze.pl\/wp-content\/uploads\/2020\/06\/logo.png\",\"contentUrl\":\"http:\/\/gbp.podedworze.pl\/wp-content\/uploads\/2020\/06\/logo.png\",\"width\":500,\"height\":500,\"caption\":\"Gminna Biblioteka Publiczna w Podedw\u00f3rzu\"},\"image\":{\"@id\":\"http:\/\/gbp.podedworze.pl\/#\/schema\/logo\/image\/\"},\"sameAs\":[\"https:\/\/www.facebook.com\/GBPwPodedworzu\"]},{\"@type\":\"Person\",\"@id\":\"http:\/\/gbp.podedworze.pl\/#\/schema\/person\/2a7b643e59701c61235471a041776408\",\"name\":\"Agnieszka Juchno\",\"image\":{\"@type\":\"ImageObject\",\"inLanguage\":\"pl-PL\",\"@id\":\"http:\/\/gbp.podedworze.pl\/#\/schema\/person\/image\/\",\"url\":\"https:\/\/secure.gravatar.com\/avatar\/649e27e1788d79268446202f1375dce9?s=96&d=mm&r=g\",\"contentUrl\":\"https:\/\/secure.gravatar.com\/avatar\/649e27e1788d79268446202f1375dce9?s=96&d=mm&r=g\",\"caption\":\"Agnieszka Juchno\"},\"sameAs\":[\"http:\/\/gbp.podedworze.pl\"],\"url\":\"http:\/\/gbp.podedworze.pl\/index.php\/author\/agnieszka\/\"}]}<\/script>\n<!-- \/ Yoast SEO plugin. -->","yoast_head_json":{"title":"Letnie nowo\u015bci czytelnicze -","robots":{"index":"index","follow":"follow","max-snippet":"max-snippet:-1","max-image-preview":"max-image-preview:large","max-video-preview":"max-video-preview:-1"},"canonical":"http:\/\/gbp.podedworze.pl\/index.php\/2023\/06\/27\/letnie-nowosci-czytelnicze\/","og_locale":"pl_PL","og_type":"article","og_title":"Letnie nowo\u015bci czytelnicze -","og_description":"Letnie nowo\u015bci czytelnicze ju\u017c dost\u0119pne w Bibliotece! Najnowsza powie\u015b\u0107 Joanny Jax to gratka dla fan\u00f3w powie\u015bci historycznej. Dla os\u00f3b, kt\u00f3re wol\u0105 krymina\u0142y znajdzie si\u0119 r\u00f3wnie\u017c kilka tytu\u0142\u00f3w Wojciecha Chmielarza oraz najnowsze powie\u015bci Katarzyny Puzy\u0144skiej i S\u0142awomira Gortycha. Nie zapomnieli\u015bmy r\u00f3wnie\u017c o najm\u0142odszych - warto wypo\u017cyczy\u0107 \"Pi\u0119knie si\u0119 r\u00f3\u017cnimy\" Tracey Turne. Zakupili\u015bmy te\u017c kilka ciekawych pozycji ... Dowiedz si\u0119 wi\u0119cej","og_url":"http:\/\/gbp.podedworze.pl\/index.php\/2023\/06\/27\/letnie-nowosci-czytelnicze\/","article_publisher":"https:\/\/www.facebook.com\/GBPwPodedworzu","article_published_time":"2023-06-27T10:14:28+00:00","article_modified_time":"2023-06-27T10:14:30+00:00","og_image":[{"url":"http:\/\/gbp.podedworze.pl\/wp-content\/uploads\/2023\/06\/nowosci-czytelnicze.png","type":"","width":"","height":""}],"author":"Agnieszka Juchno","twitter_card":"summary_large_image","twitter_misc":{"Napisane przez":"Agnieszka Juchno","Szacowany czas czytania":"1 minuta"},"schema":{"@context":"https:\/\/schema.org","@graph":[{"@type":"Article","@id":"http:\/\/gbp.podedworze.pl\/index.php\/2023\/06\/27\/letnie-nowosci-czytelnicze\/#article","isPartOf":{"@id":"http:\/\/gbp.podedworze.pl\/index.php\/2023\/06\/27\/letnie-nowosci-czytelnicze\/"},"author":{"name":"Agnieszka Juchno","@id":"http:\/\/gbp.podedworze.pl\/#\/schema\/person\/2a7b643e59701c61235471a041776408"},"headline":"Letnie nowo\u015bci czytelnicze","datePublished":"2023-06-27T10:14:28+00:00","dateModified":"2023-06-27T10:14:30+00:00","mainEntityOfPage":{"@id":"http:\/\/gbp.podedworze.pl\/index.php\/2023\/06\/27\/letnie-nowosci-czytelnicze\/"},"wordCount":129,"commentCount":0,"publisher":{"@id":"http:\/\/gbp.podedworze.pl\/#organization"},"image":{"@id":"http:\/\/gbp.podedworze.pl\/index.php\/2023\/06\/27\/letnie-nowosci-czytelnicze\/#primaryimage"},"thumbnailUrl":"http:\/\/gbp.podedworze.pl\/wp-content\/uploads\/2023\/06\/nowosci-czytelnicze.png","articleSection":["Dla Czytelnika","\u015awie\u017ce Bu\u0142eczki w Naszej Bibliotece"],"inLanguage":"pl-PL"},{"@type":"WebPage","@id":"http:\/\/gbp.podedworze.pl\/index.php\/2023\/06\/27\/letnie-nowosci-czytelnicze\/","url":"http:\/\/gbp.podedworze.pl\/index.php\/2023\/06\/27\/letnie-nowosci-czytelnicze\/","name":"Letnie nowo\u015bci czytelnicze -","isPartOf":{"@id":"http:\/\/gbp.podedworze.pl\/#website"},"primaryImageOfPage":{"@id":"http:\/\/gbp.podedworze.pl\/index.php\/2023\/06\/27\/letnie-nowosci-czytelnicze\/#primaryimage"},"image":{"@id":"http:\/\/gbp.podedworze.pl\/index.php\/2023\/06\/27\/letnie-nowosci-czytelnicze\/#primaryimage"},"thumbnailUrl":"http:\/\/gbp.podedworze.pl\/wp-content\/uploads\/2023\/06\/nowosci-czytelnicze.png","datePublished":"2023-06-27T10:14:28+00:00","dateModified":"2023-06-27T10:14:30+00:00","breadcrumb":{"@id":"http:\/\/gbp.podedworze.pl\/index.php\/2023\/06\/27\/letnie-nowosci-czytelnicze\/#breadcrumb"},"inLanguage":"pl-PL","potentialAction":[{"@type":"ReadAction","target":["http:\/\/gbp.podedworze.pl\/index.php\/2023\/06\/27\/letnie-nowosci-czytelnicze\/"]}]},{"@type":"ImageObject","inLanguage":"pl-PL","@id":"http:\/\/gbp.podedworze.pl\/index.php\/2023\/06\/27\/letnie-nowosci-czytelnicze\/#primaryimage","url":"http:\/\/gbp.podedworze.pl\/wp-content\/uploads\/2023\/06\/nowosci-czytelnicze.png","contentUrl":"http:\/\/gbp.podedworze.pl\/wp-content\/uploads\/2023\/06\/nowosci-czytelnicze.png","width":2000,"height":1448},{"@type":"BreadcrumbList","@id":"http:\/\/gbp.podedworze.pl\/index.php\/2023\/06\/27\/letnie-nowosci-czytelnicze\/#breadcrumb","itemListElement":[{"@type":"ListItem","position":1,"name":"Strona g\u0142\u00f3wna","item":"http:\/\/gbp.podedworze.pl\/"},{"@type":"ListItem","position":2,"name":"Letnie nowo\u015bci czytelnicze"}]},{"@type":"WebSite","@id":"http:\/\/gbp.podedworze.pl\/#website","url":"http:\/\/gbp.podedworze.pl\/","name":"GMINNA BIBLIOTEKA PUBLICZNA W PODEDW\u00d3RZU","description":"","publisher":{"@id":"http:\/\/gbp.podedworze.pl\/#organization"},"potentialAction":[{"@type":"SearchAction","target":{"@type":"EntryPoint","urlTemplate":"http:\/\/gbp.podedworze.pl\/?s={search_term_string}"},"query-input":{"@type":"PropertyValueSpecification","valueRequired":true,"valueName":"search_term_string"}}],"inLanguage":"pl-PL"},{"@type":"Organization","@id":"http:\/\/gbp.podedworze.pl\/#organization","name":"Gminna Biblioteka Publiczna w Podedw\u00f3rzu","url":"http:\/\/gbp.podedworze.pl\/","logo":{"@type":"ImageObject","inLanguage":"pl-PL","@id":"http:\/\/gbp.podedworze.pl\/#\/schema\/logo\/image\/","url":"http:\/\/gbp.podedworze.pl\/wp-content\/uploads\/2020\/06\/logo.png","contentUrl":"http:\/\/gbp.podedworze.pl\/wp-content\/uploads\/2020\/06\/logo.png","width":500,"height":500,"caption":"Gminna Biblioteka Publiczna w Podedw\u00f3rzu"},"image":{"@id":"http:\/\/gbp.podedworze.pl\/#\/schema\/logo\/image\/"},"sameAs":["https:\/\/www.facebook.com\/GBPwPodedworzu"]},{"@type":"Person","@id":"http:\/\/gbp.podedworze.pl\/#\/schema\/person\/2a7b643e59701c61235471a041776408","name":"Agnieszka Juchno","image":{"@type":"ImageObject","inLanguage":"pl-PL","@id":"http:\/\/gbp.podedworze.pl\/#\/schema\/person\/image\/","url":"https:\/\/secure.gravatar.com\/avatar\/649e27e1788d79268446202f1375dce9?s=96&d=mm&r=g","contentUrl":"https:\/\/secure.gravatar.com\/avatar\/649e27e1788d79268446202f1375dce9?s=96&d=mm&r=g","caption":"Agnieszka Juchno"},"sameAs":["http:\/\/gbp.podedworze.pl"],"url":"http:\/\/gbp.podedworze.pl\/index.php\/author\/agnieszka\/"}]}},"_links":{"self":[{"href":"http:\/\/gbp.podedworze.pl\/index.php\/wp-json\/wp\/v2\/posts\/3334","targetHints":{"allow":["GET"]}}],"collection":[{"href":"http:\/\/gbp.podedworze.pl\/index.php\/wp-json\/wp\/v2\/posts"}],"about":[{"href":"http:\/\/gbp.podedworze.pl\/index.php\/wp-json\/wp\/v2\/types\/post"}],"author":[{"embeddable":true,"href":"http:\/\/gbp.podedworze.pl\/index.php\/wp-json\/wp\/v2\/users\/5"}],"replies":[{"embeddable":true,"href":"http:\/\/gbp.podedworze.pl\/index.php\/wp-json\/wp\/v2\/comments?post=3334"}],"version-history":[{"count":1,"href":"http:\/\/gbp.podedworze.pl\/index.php\/wp-json\/wp\/v2\/posts\/3334\/revisions"}],"predecessor-version":[{"id":3337,"href":"http:\/\/gbp.podedworze.pl\/index.php\/wp-json\/wp\/v2\/posts\/3334\/revisions\/3337"}],"wp:attachment":[{"href":"http:\/\/gbp.podedworze.pl\/index.php\/wp-json\/wp\/v2\/media?parent=3334"}],"wp:term":[{"taxonomy":"category","embeddable":true,"href":"http:\/\/gbp.podedworze.pl\/index.php\/wp-json\/wp\/v2\/categories?post=3334"},{"taxonomy":"post_tag","embeddable":true,"href":"http:\/\/gbp.podedworze.pl\/index.php\/wp-json\/wp\/v2\/tags?post=3334"}],"curies":[{"name":"wp","href":"https:\/\/api.w.org\/{rel}","templated":true}]}}