{"id":3318,"date":"2023-06-12T13:12:00","date_gmt":"2023-06-12T11:12:00","guid":{"rendered":"http:\/\/gbp.podedworze.pl\/?p=3318"},"modified":"2023-06-12T13:12:02","modified_gmt":"2023-06-12T11:12:02","slug":"magiczne-wakacje-w-gminnej-bibliotece-publicznej-w-podedworzu","status":"publish","type":"post","link":"http:\/\/gbp.podedworze.pl\/index.php\/2023\/06\/12\/magiczne-wakacje-w-gminnej-bibliotece-publicznej-w-podedworzu\/","title":{"rendered":"Magiczne Wakacje w Gminnej Bibliotece Publicznej w Podedw\u00f3rzu"},"content":{"rendered":"<div id=\"dslc-theme-content\"><div id=\"dslc-theme-content-inner\">\n<div class=\"wp-block-media-text alignwide is-stacked-on-mobile\" style=\"grid-template-columns:69% auto\"><figure class=\"wp-block-media-text__media\"><img fetchpriority=\"high\" decoding=\"async\" width=\"2000\" height=\"1414\" src=\"http:\/\/gbp.podedworze.pl\/wp-content\/uploads\/2023\/06\/Elegant-Girl-Photo-Romance-Book-Cover-297\u00d7210-mm-7.png\" alt=\"\" class=\"wp-image-3320 size-full\" srcset=\"http:\/\/gbp.podedworze.pl\/wp-content\/uploads\/2023\/06\/Elegant-Girl-Photo-Romance-Book-Cover-297\u00d7210-mm-7.png 2000w, http:\/\/gbp.podedworze.pl\/wp-content\/uploads\/2023\/06\/Elegant-Girl-Photo-Romance-Book-Cover-297\u00d7210-mm-7-768x543.png 768w, http:\/\/gbp.podedworze.pl\/wp-content\/uploads\/2023\/06\/Elegant-Girl-Photo-Romance-Book-Cover-297\u00d7210-mm-7-1536x1086.png 1536w\" sizes=\"(max-width: 2000px) 100vw, 2000px\" \/><\/figure><div class=\"wp-block-media-text__content\">\n<p><strong>Kto mo\u017ce wzi\u0105\u0107 udzia\u0142 w Magicznych Wakacjach?<\/strong><\/p>\n\n\n\n<p>Wakacje Skierowane s\u0105 do uczni\u00f3w z przysz\u0142ej klasy III, IV i V<\/p>\n\n\n\n<p><strong>Jak si\u0119 zapisa\u0107 na Magiczne Wakacje?<\/strong><\/p>\n\n\n\n<p>Zapisy trwaj\u0105 do 20 czerwca. Organizator przy tworzeniu listy b\u0119dzie bra\u0142 pod uwag\u0119 aktywno\u015b\u0107 os\u00f3b zapisanych w \u017cyciu biblioteki. Nie obowi\u0105zuj\u0119 pierwsze\u0144stwo zapisu. Zapisa\u0107 mo\u017cna si\u0119 w Gminnej Bibliotece Publicznej w Podedw\u00f3rzu lub pod numerem telefonu 690 482 252.<\/p>\n\n\n\n<p>Rodzice s\u0105 zobowi\u0105zani do podpisania karty zgody i regulaminu po przeprowadzonej rekrutacji.<\/p>\n\n\n\n<p><strong>Szczeg\u00f3\u0142owe informacj\u0119 w Bibliotece.<\/strong><\/p>\n\n\n\n<p>Dofinansowano ze \u015brodk\u00f3w Ministra Kultury i Dziedzictwa Narodowego pochodz\u0105cych z Funduszu Promocji Kultury \u2013 pa\u0144stwowego funduszu celowego<\/p>\n<\/div><\/div>\n<\/div><\/div>","protected":false},"excerpt":{"rendered":"<p>Kto mo\u017ce wzi\u0105\u0107 udzia\u0142 w Magicznych Wakacjach? Wakacje Skierowane s\u0105 do uczni\u00f3w z przysz\u0142ej klasy III, IV i V Jak si\u0119 zapisa\u0107 na Magiczne Wakacje? Zapisy trwaj\u0105 do 20 czerwca. Organizator przy tworzeniu listy b\u0119dzie bra\u0142 pod uwag\u0119 aktywno\u015b\u0107 os\u00f3b zapisanych w \u017cyciu biblioteki. Nie obowi\u0105zuj\u0119 pierwsze\u0144stwo zapisu. Zapisa\u0107 mo\u017cna si\u0119 w Gminnej Bibliotece Publicznej ... <a title=\"Magiczne Wakacje w Gminnej Bibliotece Publicznej w Podedw\u00f3rzu\" class=\"read-more\" href=\"http:\/\/gbp.podedworze.pl\/index.php\/2023\/06\/12\/magiczne-wakacje-w-gminnej-bibliotece-publicznej-w-podedworzu\/\" aria-label=\"Read more about Magiczne Wakacje w Gminnej Bibliotece Publicznej w Podedw\u00f3rzu\">Dowiedz si\u0119 wi\u0119cej<\/a><\/p>\n","protected":false},"author":5,"featured_media":0,"comment_status":"open","ping_status":"open","sticky":false,"template":"","format":"standard","meta":{"_monsterinsights_skip_tracking":false,"_monsterinsights_sitenote_active":false,"_monsterinsights_sitenote_note":"","_monsterinsights_sitenote_category":0,"footnotes":""},"categories":[162,11],"tags":[],"class_list":["post-3318","post","type-post","status-publish","format-standard","hentry","category-magiczna-szkola-fantastycznych-ksiazek","category-projekty"],"yoast_head":"<!-- This site is optimized with the Yoast SEO plugin v24.3 - https:\/\/yoast.com\/wordpress\/plugins\/seo\/ -->\n<title>Magiczne Wakacje w Gminnej Bibliotece Publicznej w Podedw\u00f3rzu -<\/title>\n<meta name=\"robots\" content=\"index, follow, max-snippet:-1, max-image-preview:large, max-video-preview:-1\" \/>\n<link rel=\"canonical\" href=\"http:\/\/gbp.podedworze.pl\/index.php\/2023\/06\/12\/magiczne-wakacje-w-gminnej-bibliotece-publicznej-w-podedworzu\/\" \/>\n<meta property=\"og:locale\" content=\"pl_PL\" \/>\n<meta property=\"og:type\" content=\"article\" \/>\n<meta property=\"og:title\" content=\"Magiczne Wakacje w Gminnej Bibliotece Publicznej w Podedw\u00f3rzu -\" \/>\n<meta property=\"og:description\" content=\"Kto mo\u017ce wzi\u0105\u0107 udzia\u0142 w Magicznych Wakacjach? Wakacje Skierowane s\u0105 do uczni\u00f3w z przysz\u0142ej klasy III, IV i V Jak si\u0119 zapisa\u0107 na Magiczne Wakacje? Zapisy trwaj\u0105 do 20 czerwca. Organizator przy tworzeniu listy b\u0119dzie bra\u0142 pod uwag\u0119 aktywno\u015b\u0107 os\u00f3b zapisanych w \u017cyciu biblioteki. Nie obowi\u0105zuj\u0119 pierwsze\u0144stwo zapisu. Zapisa\u0107 mo\u017cna si\u0119 w Gminnej Bibliotece Publicznej ... Dowiedz si\u0119 wi\u0119cej\" \/>\n<meta property=\"og:url\" content=\"http:\/\/gbp.podedworze.pl\/index.php\/2023\/06\/12\/magiczne-wakacje-w-gminnej-bibliotece-publicznej-w-podedworzu\/\" \/>\n<meta property=\"article:publisher\" content=\"https:\/\/www.facebook.com\/GBPwPodedworzu\" \/>\n<meta property=\"article:published_time\" content=\"2023-06-12T11:12:00+00:00\" \/>\n<meta property=\"article:modified_time\" content=\"2023-06-12T11:12:02+00:00\" \/>\n<meta name=\"author\" content=\"Agnieszka Juchno\" \/>\n<meta name=\"twitter:card\" content=\"summary_large_image\" \/>\n<meta name=\"twitter:label1\" content=\"Napisane przez\" \/>\n\t<meta name=\"twitter:data1\" content=\"Agnieszka Juchno\" \/>\n\t<meta name=\"twitter:label2\" content=\"Szacowany czas czytania\" \/>\n\t<meta name=\"twitter:data2\" content=\"1 minuta\" \/>\n<script type=\"application\/ld+json\" class=\"yoast-schema-graph\">{\"@context\":\"https:\/\/schema.org\",\"@graph\":[{\"@type\":\"Article\",\"@id\":\"http:\/\/gbp.podedworze.pl\/index.php\/2023\/06\/12\/magiczne-wakacje-w-gminnej-bibliotece-publicznej-w-podedworzu\/#article\",\"isPartOf\":{\"@id\":\"http:\/\/gbp.podedworze.pl\/index.php\/2023\/06\/12\/magiczne-wakacje-w-gminnej-bibliotece-publicznej-w-podedworzu\/\"},\"author\":{\"name\":\"Agnieszka Juchno\",\"@id\":\"http:\/\/gbp.podedworze.pl\/#\/schema\/person\/2a7b643e59701c61235471a041776408\"},\"headline\":\"Magiczne Wakacje w Gminnej Bibliotece Publicznej w Podedw\u00f3rzu\",\"datePublished\":\"2023-06-12T11:12:00+00:00\",\"dateModified\":\"2023-06-12T11:12:02+00:00\",\"mainEntityOfPage\":{\"@id\":\"http:\/\/gbp.podedworze.pl\/index.php\/2023\/06\/12\/magiczne-wakacje-w-gminnej-bibliotece-publicznej-w-podedworzu\/\"},\"wordCount\":115,\"commentCount\":0,\"publisher\":{\"@id\":\"http:\/\/gbp.podedworze.pl\/#organization\"},\"articleSection\":[\"Magiczna Szko\u0142a Fantastycznych Ksi\u0105\u017cek\",\"Projekty\"],\"inLanguage\":\"pl-PL\"},{\"@type\":\"WebPage\",\"@id\":\"http:\/\/gbp.podedworze.pl\/index.php\/2023\/06\/12\/magiczne-wakacje-w-gminnej-bibliotece-publicznej-w-podedworzu\/\",\"url\":\"http:\/\/gbp.podedworze.pl\/index.php\/2023\/06\/12\/magiczne-wakacje-w-gminnej-bibliotece-publicznej-w-podedworzu\/\",\"name\":\"Magiczne Wakacje w Gminnej Bibliotece Publicznej w Podedw\u00f3rzu -\",\"isPartOf\":{\"@id\":\"http:\/\/gbp.podedworze.pl\/#website\"},\"datePublished\":\"2023-06-12T11:12:00+00:00\",\"dateModified\":\"2023-06-12T11:12:02+00:00\",\"breadcrumb\":{\"@id\":\"http:\/\/gbp.podedworze.pl\/index.php\/2023\/06\/12\/magiczne-wakacje-w-gminnej-bibliotece-publicznej-w-podedworzu\/#breadcrumb\"},\"inLanguage\":\"pl-PL\",\"potentialAction\":[{\"@type\":\"ReadAction\",\"target\":[\"http:\/\/gbp.podedworze.pl\/index.php\/2023\/06\/12\/magiczne-wakacje-w-gminnej-bibliotece-publicznej-w-podedworzu\/\"]}]},{\"@type\":\"BreadcrumbList\",\"@id\":\"http:\/\/gbp.podedworze.pl\/index.php\/2023\/06\/12\/magiczne-wakacje-w-gminnej-bibliotece-publicznej-w-podedworzu\/#breadcrumb\",\"itemListElement\":[{\"@type\":\"ListItem\",\"position\":1,\"name\":\"Strona g\u0142\u00f3wna\",\"item\":\"http:\/\/gbp.podedworze.pl\/\"},{\"@type\":\"ListItem\",\"position\":2,\"name\":\"Magiczne Wakacje w Gminnej Bibliotece Publicznej w Podedw\u00f3rzu\"}]},{\"@type\":\"WebSite\",\"@id\":\"http:\/\/gbp.podedworze.pl\/#website\",\"url\":\"http:\/\/gbp.podedworze.pl\/\",\"name\":\"GMINNA BIBLIOTEKA PUBLICZNA W PODEDW\u00d3RZU\",\"description\":\"\",\"publisher\":{\"@id\":\"http:\/\/gbp.podedworze.pl\/#organization\"},\"potentialAction\":[{\"@type\":\"SearchAction\",\"target\":{\"@type\":\"EntryPoint\",\"urlTemplate\":\"http:\/\/gbp.podedworze.pl\/?s={search_term_string}\"},\"query-input\":{\"@type\":\"PropertyValueSpecification\",\"valueRequired\":true,\"valueName\":\"search_term_string\"}}],\"inLanguage\":\"pl-PL\"},{\"@type\":\"Organization\",\"@id\":\"http:\/\/gbp.podedworze.pl\/#organization\",\"name\":\"Gminna Biblioteka Publiczna w Podedw\u00f3rzu\",\"url\":\"http:\/\/gbp.podedworze.pl\/\",\"logo\":{\"@type\":\"ImageObject\",\"inLanguage\":\"pl-PL\",\"@id\":\"http:\/\/gbp.podedworze.pl\/#\/schema\/logo\/image\/\",\"url\":\"http:\/\/gbp.podedworze.pl\/wp-content\/uploads\/2020\/06\/logo.png\",\"contentUrl\":\"http:\/\/gbp.podedworze.pl\/wp-content\/uploads\/2020\/06\/logo.png\",\"width\":500,\"height\":500,\"caption\":\"Gminna Biblioteka Publiczna w Podedw\u00f3rzu\"},\"image\":{\"@id\":\"http:\/\/gbp.podedworze.pl\/#\/schema\/logo\/image\/\"},\"sameAs\":[\"https:\/\/www.facebook.com\/GBPwPodedworzu\"]},{\"@type\":\"Person\",\"@id\":\"http:\/\/gbp.podedworze.pl\/#\/schema\/person\/2a7b643e59701c61235471a041776408\",\"name\":\"Agnieszka Juchno\",\"image\":{\"@type\":\"ImageObject\",\"inLanguage\":\"pl-PL\",\"@id\":\"http:\/\/gbp.podedworze.pl\/#\/schema\/person\/image\/\",\"url\":\"https:\/\/secure.gravatar.com\/avatar\/649e27e1788d79268446202f1375dce9?s=96&d=mm&r=g\",\"contentUrl\":\"https:\/\/secure.gravatar.com\/avatar\/649e27e1788d79268446202f1375dce9?s=96&d=mm&r=g\",\"caption\":\"Agnieszka Juchno\"},\"sameAs\":[\"http:\/\/gbp.podedworze.pl\"],\"url\":\"http:\/\/gbp.podedworze.pl\/index.php\/author\/agnieszka\/\"}]}<\/script>\n<!-- \/ Yoast SEO plugin. -->","yoast_head_json":{"title":"Magiczne Wakacje w Gminnej Bibliotece Publicznej w Podedw\u00f3rzu -","robots":{"index":"index","follow":"follow","max-snippet":"max-snippet:-1","max-image-preview":"max-image-preview:large","max-video-preview":"max-video-preview:-1"},"canonical":"http:\/\/gbp.podedworze.pl\/index.php\/2023\/06\/12\/magiczne-wakacje-w-gminnej-bibliotece-publicznej-w-podedworzu\/","og_locale":"pl_PL","og_type":"article","og_title":"Magiczne Wakacje w Gminnej Bibliotece Publicznej w Podedw\u00f3rzu -","og_description":"Kto mo\u017ce wzi\u0105\u0107 udzia\u0142 w Magicznych Wakacjach? Wakacje Skierowane s\u0105 do uczni\u00f3w z przysz\u0142ej klasy III, IV i V Jak si\u0119 zapisa\u0107 na Magiczne Wakacje? Zapisy trwaj\u0105 do 20 czerwca. Organizator przy tworzeniu listy b\u0119dzie bra\u0142 pod uwag\u0119 aktywno\u015b\u0107 os\u00f3b zapisanych w \u017cyciu biblioteki. Nie obowi\u0105zuj\u0119 pierwsze\u0144stwo zapisu. Zapisa\u0107 mo\u017cna si\u0119 w Gminnej Bibliotece Publicznej ... Dowiedz si\u0119 wi\u0119cej","og_url":"http:\/\/gbp.podedworze.pl\/index.php\/2023\/06\/12\/magiczne-wakacje-w-gminnej-bibliotece-publicznej-w-podedworzu\/","article_publisher":"https:\/\/www.facebook.com\/GBPwPodedworzu","article_published_time":"2023-06-12T11:12:00+00:00","article_modified_time":"2023-06-12T11:12:02+00:00","author":"Agnieszka Juchno","twitter_card":"summary_large_image","twitter_misc":{"Napisane przez":"Agnieszka Juchno","Szacowany czas czytania":"1 minuta"},"schema":{"@context":"https:\/\/schema.org","@graph":[{"@type":"Article","@id":"http:\/\/gbp.podedworze.pl\/index.php\/2023\/06\/12\/magiczne-wakacje-w-gminnej-bibliotece-publicznej-w-podedworzu\/#article","isPartOf":{"@id":"http:\/\/gbp.podedworze.pl\/index.php\/2023\/06\/12\/magiczne-wakacje-w-gminnej-bibliotece-publicznej-w-podedworzu\/"},"author":{"name":"Agnieszka Juchno","@id":"http:\/\/gbp.podedworze.pl\/#\/schema\/person\/2a7b643e59701c61235471a041776408"},"headline":"Magiczne Wakacje w Gminnej Bibliotece Publicznej w Podedw\u00f3rzu","datePublished":"2023-06-12T11:12:00+00:00","dateModified":"2023-06-12T11:12:02+00:00","mainEntityOfPage":{"@id":"http:\/\/gbp.podedworze.pl\/index.php\/2023\/06\/12\/magiczne-wakacje-w-gminnej-bibliotece-publicznej-w-podedworzu\/"},"wordCount":115,"commentCount":0,"publisher":{"@id":"http:\/\/gbp.podedworze.pl\/#organization"},"articleSection":["Magiczna Szko\u0142a Fantastycznych Ksi\u0105\u017cek","Projekty"],"inLanguage":"pl-PL"},{"@type":"WebPage","@id":"http:\/\/gbp.podedworze.pl\/index.php\/2023\/06\/12\/magiczne-wakacje-w-gminnej-bibliotece-publicznej-w-podedworzu\/","url":"http:\/\/gbp.podedworze.pl\/index.php\/2023\/06\/12\/magiczne-wakacje-w-gminnej-bibliotece-publicznej-w-podedworzu\/","name":"Magiczne Wakacje w Gminnej Bibliotece Publicznej w Podedw\u00f3rzu -","isPartOf":{"@id":"http:\/\/gbp.podedworze.pl\/#website"},"datePublished":"2023-06-12T11:12:00+00:00","dateModified":"2023-06-12T11:12:02+00:00","breadcrumb":{"@id":"http:\/\/gbp.podedworze.pl\/index.php\/2023\/06\/12\/magiczne-wakacje-w-gminnej-bibliotece-publicznej-w-podedworzu\/#breadcrumb"},"inLanguage":"pl-PL","potentialAction":[{"@type":"ReadAction","target":["http:\/\/gbp.podedworze.pl\/index.php\/2023\/06\/12\/magiczne-wakacje-w-gminnej-bibliotece-publicznej-w-podedworzu\/"]}]},{"@type":"BreadcrumbList","@id":"http:\/\/gbp.podedworze.pl\/index.php\/2023\/06\/12\/magiczne-wakacje-w-gminnej-bibliotece-publicznej-w-podedworzu\/#breadcrumb","itemListElement":[{"@type":"ListItem","position":1,"name":"Strona g\u0142\u00f3wna","item":"http:\/\/gbp.podedworze.pl\/"},{"@type":"ListItem","position":2,"name":"Magiczne Wakacje w Gminnej Bibliotece Publicznej w Podedw\u00f3rzu"}]},{"@type":"WebSite","@id":"http:\/\/gbp.podedworze.pl\/#website","url":"http:\/\/gbp.podedworze.pl\/","name":"GMINNA BIBLIOTEKA PUBLICZNA W PODEDW\u00d3RZU","description":"","publisher":{"@id":"http:\/\/gbp.podedworze.pl\/#organization"},"potentialAction":[{"@type":"SearchAction","target":{"@type":"EntryPoint","urlTemplate":"http:\/\/gbp.podedworze.pl\/?s={search_term_string}"},"query-input":{"@type":"PropertyValueSpecification","valueRequired":true,"valueName":"search_term_string"}}],"inLanguage":"pl-PL"},{"@type":"Organization","@id":"http:\/\/gbp.podedworze.pl\/#organization","name":"Gminna Biblioteka Publiczna w Podedw\u00f3rzu","url":"http:\/\/gbp.podedworze.pl\/","logo":{"@type":"ImageObject","inLanguage":"pl-PL","@id":"http:\/\/gbp.podedworze.pl\/#\/schema\/logo\/image\/","url":"http:\/\/gbp.podedworze.pl\/wp-content\/uploads\/2020\/06\/logo.png","contentUrl":"http:\/\/gbp.podedworze.pl\/wp-content\/uploads\/2020\/06\/logo.png","width":500,"height":500,"caption":"Gminna Biblioteka Publiczna w Podedw\u00f3rzu"},"image":{"@id":"http:\/\/gbp.podedworze.pl\/#\/schema\/logo\/image\/"},"sameAs":["https:\/\/www.facebook.com\/GBPwPodedworzu"]},{"@type":"Person","@id":"http:\/\/gbp.podedworze.pl\/#\/schema\/person\/2a7b643e59701c61235471a041776408","name":"Agnieszka Juchno","image":{"@type":"ImageObject","inLanguage":"pl-PL","@id":"http:\/\/gbp.podedworze.pl\/#\/schema\/person\/image\/","url":"https:\/\/secure.gravatar.com\/avatar\/649e27e1788d79268446202f1375dce9?s=96&d=mm&r=g","contentUrl":"https:\/\/secure.gravatar.com\/avatar\/649e27e1788d79268446202f1375dce9?s=96&d=mm&r=g","caption":"Agnieszka Juchno"},"sameAs":["http:\/\/gbp.podedworze.pl"],"url":"http:\/\/gbp.podedworze.pl\/index.php\/author\/agnieszka\/"}]}},"_links":{"self":[{"href":"http:\/\/gbp.podedworze.pl\/index.php\/wp-json\/wp\/v2\/posts\/3318","targetHints":{"allow":["GET"]}}],"collection":[{"href":"http:\/\/gbp.podedworze.pl\/index.php\/wp-json\/wp\/v2\/posts"}],"about":[{"href":"http:\/\/gbp.podedworze.pl\/index.php\/wp-json\/wp\/v2\/types\/post"}],"author":[{"embeddable":true,"href":"http:\/\/gbp.podedworze.pl\/index.php\/wp-json\/wp\/v2\/users\/5"}],"replies":[{"embeddable":true,"href":"http:\/\/gbp.podedworze.pl\/index.php\/wp-json\/wp\/v2\/comments?post=3318"}],"version-history":[{"count":1,"href":"http:\/\/gbp.podedworze.pl\/index.php\/wp-json\/wp\/v2\/posts\/3318\/revisions"}],"predecessor-version":[{"id":3321,"href":"http:\/\/gbp.podedworze.pl\/index.php\/wp-json\/wp\/v2\/posts\/3318\/revisions\/3321"}],"wp:attachment":[{"href":"http:\/\/gbp.podedworze.pl\/index.php\/wp-json\/wp\/v2\/media?parent=3318"}],"wp:term":[{"taxonomy":"category","embeddable":true,"href":"http:\/\/gbp.podedworze.pl\/index.php\/wp-json\/wp\/v2\/categories?post=3318"},{"taxonomy":"post_tag","embeddable":true,"href":"http:\/\/gbp.podedworze.pl\/index.php\/wp-json\/wp\/v2\/tags?post=3318"}],"curies":[{"name":"wp","href":"https:\/\/api.w.org\/{rel}","templated":true}]}}