{"id":3138,"date":"2023-03-28T09:30:48","date_gmt":"2023-03-28T07:30:48","guid":{"rendered":"http:\/\/gbp.podedworze.pl\/?p=3138"},"modified":"2023-03-28T09:30:50","modified_gmt":"2023-03-28T07:30:50","slug":"dotacja-z-programu-partnerstwo-dla-ksiazki","status":"publish","type":"post","link":"http:\/\/gbp.podedworze.pl\/index.php\/2023\/03\/28\/dotacja-z-programu-partnerstwo-dla-ksiazki\/","title":{"rendered":"Dotacja z Programu \"Partnerstwo dla Ksi\u0105\u017cki\""},"content":{"rendered":"<div id=\"dslc-theme-content\"><div id=\"dslc-theme-content-inner\">\n<h3 class=\"wp-block-heading\">Otrzymali\u015bmy fundusze na dzia\u0142alno\u015b\u0107 biblioteki w ramach programu \"Partnerstwo dla ksi\u0105\u017cki\" og\u0142oszonego przez Ministerstwo Kultury i Dziedzictwa Narodowego.<\/h3>\n\n\n\n<p> Nasz projekt \"Magiczna Szko\u0142a Fantastycznych Ksi\u0105\u017cek\" b\u0119dzie \u0142\u0105czy\u0142 promocj\u0119 czytelnictwa z aktywnym sp\u0119dzaniem czasu. W Gminnej Bibliotece Publicznej w Podedw\u00f3rzu otworzymy Szko\u0142\u0119 Magii, w kt\u00f3rej uczestnicy przenios\u0105 si\u0119 w magiczny \u015bwiat Harrego Pottera, w kt\u00f3rej dzieci, m\u0142odzie\u017c i seniorzy b\u0119d\u0105 uczestniczy\u0107 w cyklu zaj\u0119\u0107 podczas kt\u00f3rych uczestnicy b\u0119d\u0105 uczy\u0107 si\u0119 lata\u0107 na chustach akrobatycznych, przejd\u0105 kurs survivalu w lesie, naucz\u0105 si\u0119 \u015bpiewu melizmatycznego, poznaj\u0105 magi\u0119 zielarstwa, za pomoc\u0105 teleskopu b\u0119d\u0105 obserwowa\u0107 niebo noc\u0105, zorganizuj\u0105 wystaw\u0119, naucz\u0105 si\u0119 sztuki charakteryzatorskiej i teatralnej. Podsumowanie dzia\u0142a\u0144 odb\u0119dzie si\u0119 na \"I Festiwalu Magicznych Ksi\u0105\u017cek\", na kt\u00f3rym odb\u0119dzie si\u0119 rozsypanie proszku holi, wyst\u0119py uczestnik\u00f3w warsztat\u00f3w, wyst\u0119p sztukmistrz\u00f3w, Magiczny Turniej Gier Planszowych i seans Harrego Pottera pod gwia\u017adzistym niebem. <\/p>\n\n\n\n<p>Kwota dofinansowania jak\u0105 otrzymali\u015bmy wynosi <img decoding=\"async\" width=\"16\" height=\"16\" alt=\"1\ufe0f\u20e3\" src=\"https:\/\/static.xx.fbcdn.net\/images\/emoji.php\/v9\/t93\/1.5\/16\/31_20e3.png\"><img decoding=\"async\" width=\"16\" height=\"16\" alt=\"9\ufe0f\u20e3\" src=\"https:\/\/static.xx.fbcdn.net\/images\/emoji.php\/v9\/t8b\/1.5\/16\/39_20e3.png\"><img decoding=\"async\" width=\"16\" height=\"16\" alt=\"2\ufe0f\u20e3\" src=\"https:\/\/static.xx.fbcdn.net\/images\/emoji.php\/v9\/tb2\/1.5\/16\/32_20e3.png\"><img loading=\"lazy\" decoding=\"async\" width=\"16\" height=\"16\" alt=\"7\ufe0f\u20e3\" src=\"https:\/\/static.xx.fbcdn.net\/images\/emoji.php\/v9\/t4d\/1.5\/16\/37_20e3.png\"><img loading=\"lazy\" decoding=\"async\" width=\"16\" height=\"16\" alt=\"5\ufe0f\u20e3\" src=\"https:\/\/static.xx.fbcdn.net\/images\/emoji.php\/v9\/tf\/1.5\/16\/35_20e3.png\"> z\u0142otych.<\/p>\n\n\n\n<p>Zapraszamy do udzia\u0142u. Szczeg\u00f3\u0142y ju\u017c wkr\u00f3tce.<\/p>\n\n\n\n<figure class=\"wp-block-image size-full\"><img loading=\"lazy\" decoding=\"async\" width=\"1213\" height=\"683\" src=\"http:\/\/gbp.podedworze.pl\/wp-content\/uploads\/2023\/03\/336532425_3394762657505141_1420929315837393236_n.jpg\" alt=\"\" class=\"wp-image-3139\" srcset=\"http:\/\/gbp.podedworze.pl\/wp-content\/uploads\/2023\/03\/336532425_3394762657505141_1420929315837393236_n.jpg 1213w, http:\/\/gbp.podedworze.pl\/wp-content\/uploads\/2023\/03\/336532425_3394762657505141_1420929315837393236_n-768x432.jpg 768w\" sizes=\"(max-width: 1213px) 100vw, 1213px\" \/><\/figure>\n<\/div><\/div>","protected":false},"excerpt":{"rendered":"<p>Otrzymali\u015bmy fundusze na dzia\u0142alno\u015b\u0107 biblioteki w ramach programu \"Partnerstwo dla ksi\u0105\u017cki\" og\u0142oszonego przez Ministerstwo Kultury i Dziedzictwa Narodowego. Nasz projekt \"Magiczna Szko\u0142a Fantastycznych Ksi\u0105\u017cek\" b\u0119dzie \u0142\u0105czy\u0142 promocj\u0119 czytelnictwa z aktywnym sp\u0119dzaniem czasu. W Gminnej Bibliotece Publicznej w Podedw\u00f3rzu otworzymy Szko\u0142\u0119 Magii, w kt\u00f3rej uczestnicy przenios\u0105 si\u0119 w magiczny \u015bwiat Harrego Pottera, w kt\u00f3rej dzieci, m\u0142odzie\u017c ... <a title=\"Dotacja z Programu &quot;Partnerstwo dla Ksi\u0105\u017cki&quot;\" class=\"read-more\" href=\"http:\/\/gbp.podedworze.pl\/index.php\/2023\/03\/28\/dotacja-z-programu-partnerstwo-dla-ksiazki\/\" aria-label=\"Read more about Dotacja z Programu &quot;Partnerstwo dla Ksi\u0105\u017cki&quot;\">Dowiedz si\u0119 wi\u0119cej<\/a><\/p>\n","protected":false},"author":5,"featured_media":0,"comment_status":"open","ping_status":"open","sticky":false,"template":"","format":"standard","meta":{"_monsterinsights_skip_tracking":false,"_monsterinsights_sitenote_active":false,"_monsterinsights_sitenote_note":"","_monsterinsights_sitenote_category":0,"footnotes":""},"categories":[158],"tags":[],"class_list":["post-3138","post","type-post","status-publish","format-standard","hentry","category-projekty-kraina-czarow-w-gbp-w-podedworzu-dzialania-animujace-czytelnictwo-wsrod-malych-i-duzych"],"yoast_head":"<!-- This site is optimized with the Yoast SEO plugin v24.3 - https:\/\/yoast.com\/wordpress\/plugins\/seo\/ -->\n<title>Dotacja z Programu &quot;Partnerstwo dla Ksi\u0105\u017cki&quot; -<\/title>\n<meta name=\"robots\" content=\"index, follow, max-snippet:-1, max-image-preview:large, max-video-preview:-1\" \/>\n<link rel=\"canonical\" href=\"https:\/\/gbp.podedworze.pl\/index.php\/2023\/03\/28\/dotacja-z-programu-partnerstwo-dla-ksiazki\/\" \/>\n<meta property=\"og:locale\" content=\"pl_PL\" \/>\n<meta property=\"og:type\" content=\"article\" \/>\n<meta property=\"og:title\" content=\"Dotacja z Programu &quot;Partnerstwo dla Ksi\u0105\u017cki&quot; -\" \/>\n<meta property=\"og:description\" content=\"Otrzymali\u015bmy fundusze na dzia\u0142alno\u015b\u0107 biblioteki w ramach programu &quot;Partnerstwo dla ksi\u0105\u017cki&quot; og\u0142oszonego przez Ministerstwo Kultury i Dziedzictwa Narodowego. Nasz projekt &quot;Magiczna Szko\u0142a Fantastycznych Ksi\u0105\u017cek&quot; b\u0119dzie \u0142\u0105czy\u0142 promocj\u0119 czytelnictwa z aktywnym sp\u0119dzaniem czasu. W Gminnej Bibliotece Publicznej w Podedw\u00f3rzu otworzymy Szko\u0142\u0119 Magii, w kt\u00f3rej uczestnicy przenios\u0105 si\u0119 w magiczny \u015bwiat Harrego Pottera, w kt\u00f3rej dzieci, m\u0142odzie\u017c ... Dowiedz si\u0119 wi\u0119cej\" \/>\n<meta property=\"og:url\" content=\"https:\/\/gbp.podedworze.pl\/index.php\/2023\/03\/28\/dotacja-z-programu-partnerstwo-dla-ksiazki\/\" \/>\n<meta property=\"article:publisher\" content=\"https:\/\/www.facebook.com\/GBPwPodedworzu\" \/>\n<meta property=\"article:published_time\" content=\"2023-03-28T07:30:48+00:00\" \/>\n<meta property=\"article:modified_time\" content=\"2023-03-28T07:30:50+00:00\" \/>\n<meta property=\"og:image\" content=\"https:\/\/static.xx.fbcdn.net\/images\/emoji.php\/v9\/t93\/1.5\/16\/31_20e3.png\" \/>\n<meta name=\"author\" content=\"Agnieszka Juchno\" \/>\n<meta name=\"twitter:card\" content=\"summary_large_image\" \/>\n<meta name=\"twitter:label1\" content=\"Napisane przez\" \/>\n\t<meta name=\"twitter:data1\" content=\"Agnieszka Juchno\" \/>\n\t<meta name=\"twitter:label2\" content=\"Szacowany czas czytania\" \/>\n\t<meta name=\"twitter:data2\" content=\"2 minuty\" \/>\n<script type=\"application\/ld+json\" class=\"yoast-schema-graph\">{\"@context\":\"https:\/\/schema.org\",\"@graph\":[{\"@type\":\"Article\",\"@id\":\"https:\/\/gbp.podedworze.pl\/index.php\/2023\/03\/28\/dotacja-z-programu-partnerstwo-dla-ksiazki\/#article\",\"isPartOf\":{\"@id\":\"https:\/\/gbp.podedworze.pl\/index.php\/2023\/03\/28\/dotacja-z-programu-partnerstwo-dla-ksiazki\/\"},\"author\":{\"name\":\"Agnieszka Juchno\",\"@id\":\"http:\/\/gbp.podedworze.pl\/#\/schema\/person\/2a7b643e59701c61235471a041776408\"},\"headline\":\"Dotacja z Programu \\\"Partnerstwo dla Ksi\u0105\u017cki\\\"\",\"datePublished\":\"2023-03-28T07:30:48+00:00\",\"dateModified\":\"2023-03-28T07:30:50+00:00\",\"mainEntityOfPage\":{\"@id\":\"https:\/\/gbp.podedworze.pl\/index.php\/2023\/03\/28\/dotacja-z-programu-partnerstwo-dla-ksiazki\/\"},\"wordCount\":182,\"commentCount\":0,\"publisher\":{\"@id\":\"http:\/\/gbp.podedworze.pl\/#organization\"},\"image\":{\"@id\":\"https:\/\/gbp.podedworze.pl\/index.php\/2023\/03\/28\/dotacja-z-programu-partnerstwo-dla-ksiazki\/#primaryimage\"},\"thumbnailUrl\":\"https:\/\/static.xx.fbcdn.net\/images\/emoji.php\/v9\/t93\/1.5\/16\/31_20e3.png\",\"articleSection\":[\"Projekty\"],\"inLanguage\":\"pl-PL\"},{\"@type\":\"WebPage\",\"@id\":\"https:\/\/gbp.podedworze.pl\/index.php\/2023\/03\/28\/dotacja-z-programu-partnerstwo-dla-ksiazki\/\",\"url\":\"https:\/\/gbp.podedworze.pl\/index.php\/2023\/03\/28\/dotacja-z-programu-partnerstwo-dla-ksiazki\/\",\"name\":\"Dotacja z Programu \\\"Partnerstwo dla Ksi\u0105\u017cki\\\" -\",\"isPartOf\":{\"@id\":\"http:\/\/gbp.podedworze.pl\/#website\"},\"primaryImageOfPage\":{\"@id\":\"https:\/\/gbp.podedworze.pl\/index.php\/2023\/03\/28\/dotacja-z-programu-partnerstwo-dla-ksiazki\/#primaryimage\"},\"image\":{\"@id\":\"https:\/\/gbp.podedworze.pl\/index.php\/2023\/03\/28\/dotacja-z-programu-partnerstwo-dla-ksiazki\/#primaryimage\"},\"thumbnailUrl\":\"https:\/\/static.xx.fbcdn.net\/images\/emoji.php\/v9\/t93\/1.5\/16\/31_20e3.png\",\"datePublished\":\"2023-03-28T07:30:48+00:00\",\"dateModified\":\"2023-03-28T07:30:50+00:00\",\"breadcrumb\":{\"@id\":\"https:\/\/gbp.podedworze.pl\/index.php\/2023\/03\/28\/dotacja-z-programu-partnerstwo-dla-ksiazki\/#breadcrumb\"},\"inLanguage\":\"pl-PL\",\"potentialAction\":[{\"@type\":\"ReadAction\",\"target\":[\"https:\/\/gbp.podedworze.pl\/index.php\/2023\/03\/28\/dotacja-z-programu-partnerstwo-dla-ksiazki\/\"]}]},{\"@type\":\"ImageObject\",\"inLanguage\":\"pl-PL\",\"@id\":\"https:\/\/gbp.podedworze.pl\/index.php\/2023\/03\/28\/dotacja-z-programu-partnerstwo-dla-ksiazki\/#primaryimage\",\"url\":\"https:\/\/static.xx.fbcdn.net\/images\/emoji.php\/v9\/t93\/1.5\/16\/31_20e3.png\",\"contentUrl\":\"https:\/\/static.xx.fbcdn.net\/images\/emoji.php\/v9\/t93\/1.5\/16\/31_20e3.png\"},{\"@type\":\"BreadcrumbList\",\"@id\":\"https:\/\/gbp.podedworze.pl\/index.php\/2023\/03\/28\/dotacja-z-programu-partnerstwo-dla-ksiazki\/#breadcrumb\",\"itemListElement\":[{\"@type\":\"ListItem\",\"position\":1,\"name\":\"Strona g\u0142\u00f3wna\",\"item\":\"http:\/\/gbp.podedworze.pl\/\"},{\"@type\":\"ListItem\",\"position\":2,\"name\":\"Dotacja z Programu \\\"Partnerstwo dla Ksi\u0105\u017cki\\\"\"}]},{\"@type\":\"WebSite\",\"@id\":\"http:\/\/gbp.podedworze.pl\/#website\",\"url\":\"http:\/\/gbp.podedworze.pl\/\",\"name\":\"GMINNA BIBLIOTEKA PUBLICZNA W PODEDW\u00d3RZU\",\"description\":\"\",\"publisher\":{\"@id\":\"http:\/\/gbp.podedworze.pl\/#organization\"},\"potentialAction\":[{\"@type\":\"SearchAction\",\"target\":{\"@type\":\"EntryPoint\",\"urlTemplate\":\"http:\/\/gbp.podedworze.pl\/?s={search_term_string}\"},\"query-input\":{\"@type\":\"PropertyValueSpecification\",\"valueRequired\":true,\"valueName\":\"search_term_string\"}}],\"inLanguage\":\"pl-PL\"},{\"@type\":\"Organization\",\"@id\":\"http:\/\/gbp.podedworze.pl\/#organization\",\"name\":\"Gminna Biblioteka Publiczna w Podedw\u00f3rzu\",\"url\":\"http:\/\/gbp.podedworze.pl\/\",\"logo\":{\"@type\":\"ImageObject\",\"inLanguage\":\"pl-PL\",\"@id\":\"http:\/\/gbp.podedworze.pl\/#\/schema\/logo\/image\/\",\"url\":\"http:\/\/gbp.podedworze.pl\/wp-content\/uploads\/2020\/06\/logo.png\",\"contentUrl\":\"http:\/\/gbp.podedworze.pl\/wp-content\/uploads\/2020\/06\/logo.png\",\"width\":500,\"height\":500,\"caption\":\"Gminna Biblioteka Publiczna w Podedw\u00f3rzu\"},\"image\":{\"@id\":\"http:\/\/gbp.podedworze.pl\/#\/schema\/logo\/image\/\"},\"sameAs\":[\"https:\/\/www.facebook.com\/GBPwPodedworzu\"]},{\"@type\":\"Person\",\"@id\":\"http:\/\/gbp.podedworze.pl\/#\/schema\/person\/2a7b643e59701c61235471a041776408\",\"name\":\"Agnieszka Juchno\",\"image\":{\"@type\":\"ImageObject\",\"inLanguage\":\"pl-PL\",\"@id\":\"http:\/\/gbp.podedworze.pl\/#\/schema\/person\/image\/\",\"url\":\"https:\/\/secure.gravatar.com\/avatar\/649e27e1788d79268446202f1375dce9?s=96&d=mm&r=g\",\"contentUrl\":\"https:\/\/secure.gravatar.com\/avatar\/649e27e1788d79268446202f1375dce9?s=96&d=mm&r=g\",\"caption\":\"Agnieszka Juchno\"},\"sameAs\":[\"http:\/\/gbp.podedworze.pl\"],\"url\":\"http:\/\/gbp.podedworze.pl\/index.php\/author\/agnieszka\/\"}]}<\/script>\n<!-- \/ Yoast SEO plugin. -->","yoast_head_json":{"title":"Dotacja z Programu \"Partnerstwo dla Ksi\u0105\u017cki\" -","robots":{"index":"index","follow":"follow","max-snippet":"max-snippet:-1","max-image-preview":"max-image-preview:large","max-video-preview":"max-video-preview:-1"},"canonical":"https:\/\/gbp.podedworze.pl\/index.php\/2023\/03\/28\/dotacja-z-programu-partnerstwo-dla-ksiazki\/","og_locale":"pl_PL","og_type":"article","og_title":"Dotacja z Programu \"Partnerstwo dla Ksi\u0105\u017cki\" -","og_description":"Otrzymali\u015bmy fundusze na dzia\u0142alno\u015b\u0107 biblioteki w ramach programu \"Partnerstwo dla ksi\u0105\u017cki\" og\u0142oszonego przez Ministerstwo Kultury i Dziedzictwa Narodowego. Nasz projekt \"Magiczna Szko\u0142a Fantastycznych Ksi\u0105\u017cek\" b\u0119dzie \u0142\u0105czy\u0142 promocj\u0119 czytelnictwa z aktywnym sp\u0119dzaniem czasu. W Gminnej Bibliotece Publicznej w Podedw\u00f3rzu otworzymy Szko\u0142\u0119 Magii, w kt\u00f3rej uczestnicy przenios\u0105 si\u0119 w magiczny \u015bwiat Harrego Pottera, w kt\u00f3rej dzieci, m\u0142odzie\u017c ... Dowiedz si\u0119 wi\u0119cej","og_url":"https:\/\/gbp.podedworze.pl\/index.php\/2023\/03\/28\/dotacja-z-programu-partnerstwo-dla-ksiazki\/","article_publisher":"https:\/\/www.facebook.com\/GBPwPodedworzu","article_published_time":"2023-03-28T07:30:48+00:00","article_modified_time":"2023-03-28T07:30:50+00:00","og_image":[{"url":"https:\/\/static.xx.fbcdn.net\/images\/emoji.php\/v9\/t93\/1.5\/16\/31_20e3.png","type":"","width":"","height":""}],"author":"Agnieszka Juchno","twitter_card":"summary_large_image","twitter_misc":{"Napisane przez":"Agnieszka Juchno","Szacowany czas czytania":"2 minuty"},"schema":{"@context":"https:\/\/schema.org","@graph":[{"@type":"Article","@id":"https:\/\/gbp.podedworze.pl\/index.php\/2023\/03\/28\/dotacja-z-programu-partnerstwo-dla-ksiazki\/#article","isPartOf":{"@id":"https:\/\/gbp.podedworze.pl\/index.php\/2023\/03\/28\/dotacja-z-programu-partnerstwo-dla-ksiazki\/"},"author":{"name":"Agnieszka Juchno","@id":"http:\/\/gbp.podedworze.pl\/#\/schema\/person\/2a7b643e59701c61235471a041776408"},"headline":"Dotacja z Programu \"Partnerstwo dla Ksi\u0105\u017cki\"","datePublished":"2023-03-28T07:30:48+00:00","dateModified":"2023-03-28T07:30:50+00:00","mainEntityOfPage":{"@id":"https:\/\/gbp.podedworze.pl\/index.php\/2023\/03\/28\/dotacja-z-programu-partnerstwo-dla-ksiazki\/"},"wordCount":182,"commentCount":0,"publisher":{"@id":"http:\/\/gbp.podedworze.pl\/#organization"},"image":{"@id":"https:\/\/gbp.podedworze.pl\/index.php\/2023\/03\/28\/dotacja-z-programu-partnerstwo-dla-ksiazki\/#primaryimage"},"thumbnailUrl":"https:\/\/static.xx.fbcdn.net\/images\/emoji.php\/v9\/t93\/1.5\/16\/31_20e3.png","articleSection":["Projekty"],"inLanguage":"pl-PL"},{"@type":"WebPage","@id":"https:\/\/gbp.podedworze.pl\/index.php\/2023\/03\/28\/dotacja-z-programu-partnerstwo-dla-ksiazki\/","url":"https:\/\/gbp.podedworze.pl\/index.php\/2023\/03\/28\/dotacja-z-programu-partnerstwo-dla-ksiazki\/","name":"Dotacja z Programu \"Partnerstwo dla Ksi\u0105\u017cki\" -","isPartOf":{"@id":"http:\/\/gbp.podedworze.pl\/#website"},"primaryImageOfPage":{"@id":"https:\/\/gbp.podedworze.pl\/index.php\/2023\/03\/28\/dotacja-z-programu-partnerstwo-dla-ksiazki\/#primaryimage"},"image":{"@id":"https:\/\/gbp.podedworze.pl\/index.php\/2023\/03\/28\/dotacja-z-programu-partnerstwo-dla-ksiazki\/#primaryimage"},"thumbnailUrl":"https:\/\/static.xx.fbcdn.net\/images\/emoji.php\/v9\/t93\/1.5\/16\/31_20e3.png","datePublished":"2023-03-28T07:30:48+00:00","dateModified":"2023-03-28T07:30:50+00:00","breadcrumb":{"@id":"https:\/\/gbp.podedworze.pl\/index.php\/2023\/03\/28\/dotacja-z-programu-partnerstwo-dla-ksiazki\/#breadcrumb"},"inLanguage":"pl-PL","potentialAction":[{"@type":"ReadAction","target":["https:\/\/gbp.podedworze.pl\/index.php\/2023\/03\/28\/dotacja-z-programu-partnerstwo-dla-ksiazki\/"]}]},{"@type":"ImageObject","inLanguage":"pl-PL","@id":"https:\/\/gbp.podedworze.pl\/index.php\/2023\/03\/28\/dotacja-z-programu-partnerstwo-dla-ksiazki\/#primaryimage","url":"https:\/\/static.xx.fbcdn.net\/images\/emoji.php\/v9\/t93\/1.5\/16\/31_20e3.png","contentUrl":"https:\/\/static.xx.fbcdn.net\/images\/emoji.php\/v9\/t93\/1.5\/16\/31_20e3.png"},{"@type":"BreadcrumbList","@id":"https:\/\/gbp.podedworze.pl\/index.php\/2023\/03\/28\/dotacja-z-programu-partnerstwo-dla-ksiazki\/#breadcrumb","itemListElement":[{"@type":"ListItem","position":1,"name":"Strona g\u0142\u00f3wna","item":"http:\/\/gbp.podedworze.pl\/"},{"@type":"ListItem","position":2,"name":"Dotacja z Programu \"Partnerstwo dla Ksi\u0105\u017cki\""}]},{"@type":"WebSite","@id":"http:\/\/gbp.podedworze.pl\/#website","url":"http:\/\/gbp.podedworze.pl\/","name":"GMINNA BIBLIOTEKA PUBLICZNA W PODEDW\u00d3RZU","description":"","publisher":{"@id":"http:\/\/gbp.podedworze.pl\/#organization"},"potentialAction":[{"@type":"SearchAction","target":{"@type":"EntryPoint","urlTemplate":"http:\/\/gbp.podedworze.pl\/?s={search_term_string}"},"query-input":{"@type":"PropertyValueSpecification","valueRequired":true,"valueName":"search_term_string"}}],"inLanguage":"pl-PL"},{"@type":"Organization","@id":"http:\/\/gbp.podedworze.pl\/#organization","name":"Gminna Biblioteka Publiczna w Podedw\u00f3rzu","url":"http:\/\/gbp.podedworze.pl\/","logo":{"@type":"ImageObject","inLanguage":"pl-PL","@id":"http:\/\/gbp.podedworze.pl\/#\/schema\/logo\/image\/","url":"http:\/\/gbp.podedworze.pl\/wp-content\/uploads\/2020\/06\/logo.png","contentUrl":"http:\/\/gbp.podedworze.pl\/wp-content\/uploads\/2020\/06\/logo.png","width":500,"height":500,"caption":"Gminna Biblioteka Publiczna w Podedw\u00f3rzu"},"image":{"@id":"http:\/\/gbp.podedworze.pl\/#\/schema\/logo\/image\/"},"sameAs":["https:\/\/www.facebook.com\/GBPwPodedworzu"]},{"@type":"Person","@id":"http:\/\/gbp.podedworze.pl\/#\/schema\/person\/2a7b643e59701c61235471a041776408","name":"Agnieszka Juchno","image":{"@type":"ImageObject","inLanguage":"pl-PL","@id":"http:\/\/gbp.podedworze.pl\/#\/schema\/person\/image\/","url":"https:\/\/secure.gravatar.com\/avatar\/649e27e1788d79268446202f1375dce9?s=96&d=mm&r=g","contentUrl":"https:\/\/secure.gravatar.com\/avatar\/649e27e1788d79268446202f1375dce9?s=96&d=mm&r=g","caption":"Agnieszka Juchno"},"sameAs":["http:\/\/gbp.podedworze.pl"],"url":"http:\/\/gbp.podedworze.pl\/index.php\/author\/agnieszka\/"}]}},"_links":{"self":[{"href":"http:\/\/gbp.podedworze.pl\/index.php\/wp-json\/wp\/v2\/posts\/3138","targetHints":{"allow":["GET"]}}],"collection":[{"href":"http:\/\/gbp.podedworze.pl\/index.php\/wp-json\/wp\/v2\/posts"}],"about":[{"href":"http:\/\/gbp.podedworze.pl\/index.php\/wp-json\/wp\/v2\/types\/post"}],"author":[{"embeddable":true,"href":"http:\/\/gbp.podedworze.pl\/index.php\/wp-json\/wp\/v2\/users\/5"}],"replies":[{"embeddable":true,"href":"http:\/\/gbp.podedworze.pl\/index.php\/wp-json\/wp\/v2\/comments?post=3138"}],"version-history":[{"count":1,"href":"http:\/\/gbp.podedworze.pl\/index.php\/wp-json\/wp\/v2\/posts\/3138\/revisions"}],"predecessor-version":[{"id":3140,"href":"http:\/\/gbp.podedworze.pl\/index.php\/wp-json\/wp\/v2\/posts\/3138\/revisions\/3140"}],"wp:attachment":[{"href":"http:\/\/gbp.podedworze.pl\/index.php\/wp-json\/wp\/v2\/media?parent=3138"}],"wp:term":[{"taxonomy":"category","embeddable":true,"href":"http:\/\/gbp.podedworze.pl\/index.php\/wp-json\/wp\/v2\/categories?post=3138"},{"taxonomy":"post_tag","embeddable":true,"href":"http:\/\/gbp.podedworze.pl\/index.php\/wp-json\/wp\/v2\/tags?post=3138"}],"curies":[{"name":"wp","href":"https:\/\/api.w.org\/{rel}","templated":true}]}}