{"id":1642,"date":"2021-09-02T13:56:31","date_gmt":"2021-09-02T11:56:31","guid":{"rendered":"http:\/\/gbp.podedworze.pl\/?p=1642"},"modified":"2021-09-02T13:56:32","modified_gmt":"2021-09-02T11:56:32","slug":"swieto-bajek-i-opowiadaczy-2","status":"publish","type":"post","link":"http:\/\/gbp.podedworze.pl\/index.php\/2021\/09\/02\/swieto-bajek-i-opowiadaczy-2\/","title":{"rendered":"\u015awi\u0119to bajek i opowiadaczy"},"content":{"rendered":"<div id=\"dslc-theme-content\"><div id=\"dslc-theme-content-inner\">\n<div class=\"wp-block-columns is-layout-flex wp-container-core-columns-is-layout-1 wp-block-columns-is-layout-flex\">\n<div class=\"wp-block-column is-layout-flow wp-block-column-is-layout-flow\" style=\"flex-basis:66.66%\">\n<h3 class=\"wp-block-heading\"><strong>29 sierpnia 2021r.<\/strong> w budynku Gminnej Biblioteki Publicznej w Podedw\u00f3rzu mia\u0142o miejsce niecodzienne wydarzenie. Mieszka\u0144cy gminy wzi\u0119li udzia\u0142 w <strong>\u015awi\u0119cie bajek i opowiadaczy<\/strong>.<\/h3>\n\n\n\n<p>Organizacja wydarzenia by\u0142a mo\u017cliwa dzi\u0119ki pozyskaniu dofinansowania przez Bibliotek\u0119 od Ministra Kultury, Dziedzictwa Narodowego i Sportu na realizacj\u0119 projektu \"Akademia Pana Kleksa w GBP w Podedw\u00f3rzu - dzia\u0142ania animuj\u0105ce czytelnictwo w\u015br\u00f3d ma\u0142ych i du\u017cych\". Kwota dofinansowania to <strong>27.360 z\u0142<\/strong>.<\/p>\n\n\n\n<p>Spotkanie by\u0142o uroczystym podsumowaniem wszystkich dzia\u0142a\u0144 projektu, jak r\u00f3wnie\u017c okazj\u0105 do:<\/p>\n\n\n\n<ul class=\"wp-block-list\"><li><strong>otwarcia mobilnej gry terenowej pn. \"W poszukiwaniu guzika Mateusza\"<\/strong> - gra rozpocz\u0119\u0142a si\u0119 przed bibliotek\u0105 i zgromadzi\u0142a du\u017c\u0105 liczb\u0119 mieszka\u0144c\u00f3w naszej gminy. Uczestnicy gry mieli za zadanie w jak najkr\u00f3tszym czasie przej\u015b\u0107 tras\u0119 gry i prawid\u0142owo rozwi\u0105za\u0107 wszystkie napotkane zadania. Na zwyci\u0119zc\u00f3w czeka\u0142y 3 bony podarunkowe o warto\u015bci 50 z\u0142 do sklepu Biurex. Ca\u0142o\u015b\u0107 gry nadzorowa\u0142 pracownik firmy GoodGames, kt\u00f3ry czuwa\u0142a nad prawid\u0142owym przebiegiem rywalizacji. Wszystkie wyniki pojawia\u0142y si\u0119 w komputerze, a list\u0119 przedstawiamy poni\u017cej.<\/li><\/ul>\n\n\n\n<figure class=\"wp-block-image size-large\"><img fetchpriority=\"high\" decoding=\"async\" width=\"1234\" height=\"528\" src=\"http:\/\/gbp.podedworze.pl\/wp-content\/uploads\/2021\/09\/lista.jpg\" alt=\"lista rankingowa uczestnik\u00f3w gry\" class=\"wp-image-1644\" srcset=\"http:\/\/gbp.podedworze.pl\/wp-content\/uploads\/2021\/09\/lista.jpg 1234w, http:\/\/gbp.podedworze.pl\/wp-content\/uploads\/2021\/09\/lista-768x329.jpg 768w\" sizes=\"(max-width: 1234px) 100vw, 1234px\" \/><figcaption>Lista rankingowa zalogowanych uczestnik\u00f3w<\/figcaption><\/figure>\n\n\n\n<p>Oto zwyci\u0119zcy, kt\u00f3rzy pomogli odnale\u017a\u0107 guzik szpaka Mateusza i otrzymali nagrody: <\/p>\n\n\n\n<ol class=\"wp-block-list\" id=\"block-c6bd264d-28fc-4aa2-84f3-aa730acada76\"><li>Barbara Dzyruk<\/li><li>Szymon \u0141ukaszuk<\/li><li>Alicja Dudyk<\/li><\/ol>\n\n\n\n<figure class=\"wp-block-gallery columns-3 is-cropped wp-block-gallery-1 is-layout-flex wp-block-gallery-is-layout-flex\"><ul class=\"blocks-gallery-grid\"><li class=\"blocks-gallery-item\"><figure><img decoding=\"async\" width=\"960\" height=\"720\" src=\"http:\/\/gbp.podedworze.pl\/wp-content\/uploads\/2021\/09\/241034316_264644178816776_8769300922374385489_n-1.jpg\" alt=\"\" data-id=\"1653\" data-full-url=\"http:\/\/gbp.podedworze.pl\/wp-content\/uploads\/2021\/09\/241034316_264644178816776_8769300922374385489_n-1.jpg\" data-link=\"http:\/\/gbp.podedworze.pl\/?attachment_id=1653#main\" class=\"wp-image-1653\" srcset=\"http:\/\/gbp.podedworze.pl\/wp-content\/uploads\/2021\/09\/241034316_264644178816776_8769300922374385489_n-1.jpg 960w, http:\/\/gbp.podedworze.pl\/wp-content\/uploads\/2021\/09\/241034316_264644178816776_8769300922374385489_n-1-768x576.jpg 768w\" sizes=\"(max-width: 960px) 100vw, 960px\" \/><\/figure><\/li><li class=\"blocks-gallery-item\"><figure><img decoding=\"async\" width=\"960\" height=\"720\" src=\"http:\/\/gbp.podedworze.pl\/wp-content\/uploads\/2021\/09\/240802191_596451418431820_7498146171839492242_n.jpg\" alt=\"\" data-id=\"1654\" data-full-url=\"http:\/\/gbp.podedworze.pl\/wp-content\/uploads\/2021\/09\/240802191_596451418431820_7498146171839492242_n.jpg\" data-link=\"http:\/\/gbp.podedworze.pl\/?attachment_id=1654#main\" class=\"wp-image-1654\" srcset=\"http:\/\/gbp.podedworze.pl\/wp-content\/uploads\/2021\/09\/240802191_596451418431820_7498146171839492242_n.jpg 960w, http:\/\/gbp.podedworze.pl\/wp-content\/uploads\/2021\/09\/240802191_596451418431820_7498146171839492242_n-768x576.jpg 768w\" sizes=\"(max-width: 960px) 100vw, 960px\" \/><\/figure><\/li><li class=\"blocks-gallery-item\"><figure><img loading=\"lazy\" decoding=\"async\" width=\"960\" height=\"720\" src=\"http:\/\/gbp.podedworze.pl\/wp-content\/uploads\/2021\/09\/241127512_183544953749328_3208082217582805153_n.jpg\" alt=\"\" data-id=\"1655\" data-full-url=\"http:\/\/gbp.podedworze.pl\/wp-content\/uploads\/2021\/09\/241127512_183544953749328_3208082217582805153_n.jpg\" data-link=\"http:\/\/gbp.podedworze.pl\/?attachment_id=1655#main\" class=\"wp-image-1655\" srcset=\"http:\/\/gbp.podedworze.pl\/wp-content\/uploads\/2021\/09\/241127512_183544953749328_3208082217582805153_n.jpg 960w, http:\/\/gbp.podedworze.pl\/wp-content\/uploads\/2021\/09\/241127512_183544953749328_3208082217582805153_n-768x576.jpg 768w\" sizes=\"(max-width: 960px) 100vw, 960px\" \/><\/figure><\/li><\/ul><figcaption class=\"blocks-gallery-caption\">Nagrodzeni poszukiwacze guzika<\/figcaption><\/figure>\n\n\n\n<ul class=\"wp-block-list\"><li><strong>skorzystania z pokaz\u00f3w w mobilnym planetarium<\/strong> - na sali gimnastycznej wyros\u0142a srebrna kopu\u0142a, w kt\u00f3rej  od 15.00 do 18.30 co 30 min. prezentowane by\u0142y pokazy filmowe dotycz\u0105ce kosmosu w wersji animowanej. Na wygodnych le\u017cakach rodzice z dzie\u0107mi mogli odda\u0107 si\u0119 podr\u00f3\u017cy w kosmos, dok\u0142adnie jak 3 oko Pana Kleksa.<\/li><\/ul>\n\n\n\n<figure class=\"wp-block-image size-large\"><img loading=\"lazy\" decoding=\"async\" width=\"960\" height=\"720\" src=\"http:\/\/gbp.podedworze.pl\/wp-content\/uploads\/2021\/09\/240877747_1678388132366203_920232475863649934_n.jpg\" alt=\"\" class=\"wp-image-1646\" srcset=\"http:\/\/gbp.podedworze.pl\/wp-content\/uploads\/2021\/09\/240877747_1678388132366203_920232475863649934_n.jpg 960w, http:\/\/gbp.podedworze.pl\/wp-content\/uploads\/2021\/09\/240877747_1678388132366203_920232475863649934_n-768x576.jpg 768w\" sizes=\"(max-width: 960px) 100vw, 960px\" \/><figcaption>Mobilne planetarium<\/figcaption><\/figure>\n\n\n\n<ul class=\"wp-block-list\"><li><strong>spotkania z opowiadaczami bajek<\/strong> - specjalnie dla najm\u0142odszych odby\u0142y si\u0119 spotkania z opowiadaczami bajek. W zaaran\u017cowanej przestrzeni wyst\u0105pi\u0142 Klub Koko z opowie\u015bciami: <\/li><\/ul>\n\n\n\n<ol class=\"wp-block-list\"><li>S\u0142o\u0144 Tumpek i muchy w nosie. (bajka z elementami j\u0119zyka migowego)<\/li><li>Bajka o kurze marzycielce.<\/li><li>Ma\u0142pa Koko i jej muzyczne przygody.<\/li><li>Samotna kura.<\/li><li>\"Co!?\" na podstawie ksi\u0105\u017cki Kate Lum.<\/li><li>O kucharzu, kt\u00f3ry ugotowa\u0142 co\u015b z niczego.<\/li><li>Czarownica Teodora.<\/li><\/ol>\n\n\n\n<figure class=\"wp-block-image size-large\"><img loading=\"lazy\" decoding=\"async\" width=\"960\" height=\"720\" src=\"http:\/\/gbp.podedworze.pl\/wp-content\/uploads\/2021\/09\/240971425_1646462952213602_8226996538353221989_n.jpg\" alt=\"\" class=\"wp-image-1647\" srcset=\"http:\/\/gbp.podedworze.pl\/wp-content\/uploads\/2021\/09\/240971425_1646462952213602_8226996538353221989_n.jpg 960w, http:\/\/gbp.podedworze.pl\/wp-content\/uploads\/2021\/09\/240971425_1646462952213602_8226996538353221989_n-768x576.jpg 768w\" sizes=\"(max-width: 960px) 100vw, 960px\" \/><figcaption>Spotkanie z opowiadaczami<\/figcaption><\/figure>\n\n\n\n<ul class=\"wp-block-list\"><li><strong>bajkowego balu<\/strong> - na sali gimnastycznej pl\u0105s\u00f3w i weso\u0142ych ta\u0144c\u00f3w nie brakowa\u0142o, a w przerwach mo\u017cna by\u0142o uzupe\u0142ni\u0107 energi\u0119 wat\u0105 cukrow\u0105, popcornem i ciep\u0142\u0105 kie\u0142bask\u0105.<\/li><\/ul>\n\n\n\n<figure class=\"wp-block-image size-large\"><img loading=\"lazy\" decoding=\"async\" width=\"960\" height=\"720\" src=\"http:\/\/gbp.podedworze.pl\/wp-content\/uploads\/2021\/09\/240957785_581985856156623_930693819254957145_n.jpg\" alt=\"\" class=\"wp-image-1650\" srcset=\"http:\/\/gbp.podedworze.pl\/wp-content\/uploads\/2021\/09\/240957785_581985856156623_930693819254957145_n.jpg 960w, http:\/\/gbp.podedworze.pl\/wp-content\/uploads\/2021\/09\/240957785_581985856156623_930693819254957145_n-768x576.jpg 768w\" sizes=\"(max-width: 960px) 100vw, 960px\" \/><figcaption>Stoisko KGW Piechy<\/figcaption><\/figure>\n\n\n\n<p>\u015awi\u0119to bajek i opowiadaczy sta\u0142o si\u0119 wspania\u0142\u0105 okazj\u0105 do odwiedzenia naszej biblioteki (cz\u0119\u015b\u0107 uczestnik\u00f3w by\u0142a u nas po raz pierwszy!), co w efekcie prze\u0142o\u017cy\u0142o si\u0119 na poznanie wszelkich zakamark\u00f3w, jak r\u00f3wnie\u017c ksi\u0119gozbioru GBP w Podedw\u00f3rzu.<\/p>\n\n\n\n<p><strong>Ewa D\u0105browska - Dyrektor Gminnej Biblioteki Publicznej w Podedw\u00f3rzu<\/strong> serdecznie dzi\u0119kuje wszystkim, kt\u00f3rzy przyczynili si\u0119 do organizacji tego wydarzenia oraz realizacji ca\u0142ego projektu, a w szczeg\u00f3lno\u015bci:<\/p>\n<\/div>\n\n\n\n<div class=\"wp-block-column is-layout-flow wp-block-column-is-layout-flow\" style=\"flex-basis:33.33%\">\n<figure class=\"wp-block-image size-full\"><img loading=\"lazy\" decoding=\"async\" width=\"2000\" height=\"1555\" src=\"http:\/\/gbp.podedworze.pl\/wp-content\/uploads\/2021\/09\/Swieto-bajek-i-opowiadaczy.jpg\" alt=\"Galeria zdj\u0119\u0107 z podsumowania projektu\" class=\"wp-image-1622\" srcset=\"http:\/\/gbp.podedworze.pl\/wp-content\/uploads\/2021\/09\/Swieto-bajek-i-opowiadaczy.jpg 2000w, http:\/\/gbp.podedworze.pl\/wp-content\/uploads\/2021\/09\/Swieto-bajek-i-opowiadaczy-768x597.jpg 768w, http:\/\/gbp.podedworze.pl\/wp-content\/uploads\/2021\/09\/Swieto-bajek-i-opowiadaczy-1536x1194.jpg 1536w\" sizes=\"(max-width: 2000px) 100vw, 2000px\" \/><\/figure>\n<\/div>\n<\/div>\n\n\n\n<ul class=\"wp-block-list\"><li>Organowi prowadz\u0105cemu - <strong>Pani Monice Mackiewicz-Dr\u0105g W\u00f3jtowi Gminy Podedw\u00f3rze<\/strong> i <strong>Radnym Gminy Podedw\u00f3rze<\/strong> za uchwalenie bud\u017cetu biblioteki umo\u017cliwiaj\u0105cego poniesienie wk\u0142adu w\u0142asnego do tego projektu, za pomoc i wsparcie podczas ca\u0142ego dzia\u0142ania,<\/li><li><strong>Dyrektorowi Zespo\u0142u Plac\u00f3wek O\u015bwiatowych w Podedw\u00f3rzu Pani Marcie Baj<\/strong> za wspania\u0142\u0105 wsp\u00f3\u0142prac\u0119, umo\u017cliwienie przeniesienia wydarzenia do wewn\u0105trz budynku oraz obecno\u015b\u0107 podczas uroczysto\u015bci,<\/li><li>Pracownikom biblioteki:<strong> Pani Dianie Hetman, Pani Marcie Walenciuk i Pani Agnieszce Juchno<\/strong> za trud w\u0142o\u017cony w realizacj\u0119 poszczeg\u00f3lnych element\u00f3w projektu. Za wykonywane z zapa\u0142em plakaty, posty na stronie, w mediach spo\u0142eczno\u015bciowych, p\u00f3\u0142kolonie, prowadzenie wydarzenia. Jeste\u015bcie najlepsz\u0105 ekip\u0105, z kt\u00f3r\u0105 ka\u017cde dzia\u0142anie biblioteki wygl\u0105da profesjonalnie, jest interesuj\u0105ce i atrakcyjne dla mieszka\u0144c\u00f3w. Dzi\u0119kuj\u0119 wam za to, \u017ce zawsze macie ch\u0119ci i nowe pomys\u0142y do dzia\u0142ania. Bez Was ten projekt nie m\u00f3g\u0142by si\u0119 odby\u0107. Szczeg\u00f3lnie dzi\u0119kuj\u0119<strong> Pani Dianie Hetman<\/strong>, kt\u00f3ra by\u0142a <strong>wsp\u00f3\u0142autorem koncepcji projektu i jego nadzorc\u0105 merytorycznym<\/strong>,<\/li><li>Obs\u0142udze ksi\u0119gowej biblioteki, <strong>Pani Barbarze Romaszewskiej i Pani Skarbnik Iwonie Szyma\u0144skiej<\/strong>, bez kt\u00f3rych sprawna realizacja projektu nie by\u0142aby mo\u017cliwa,<\/li><li>Mieszka\u0144com gminy i nie tylko, kt\u00f3rzy zaufali nam i naszym dzia\u0142aniom t\u0142umnie odwiedzaj\u0105c nasze wydarzenie<\/li><\/ul>\n\n\n\n<p>Do zobaczenia na kolejnych naszych inicjatywach.<\/p>\n<\/div><\/div>","protected":false},"excerpt":{"rendered":"<p>29 sierpnia 2021r. w budynku Gminnej Biblioteki Publicznej w Podedw\u00f3rzu mia\u0142o miejsce niecodzienne wydarzenie. Mieszka\u0144cy gminy wzi\u0119li udzia\u0142 w \u015awi\u0119cie bajek i opowiadaczy. Organizacja wydarzenia by\u0142a mo\u017cliwa dzi\u0119ki pozyskaniu dofinansowania przez Bibliotek\u0119 od Ministra Kultury, Dziedzictwa Narodowego i Sportu na realizacj\u0119 projektu \"Akademia Pana Kleksa w GBP w Podedw\u00f3rzu - dzia\u0142ania animuj\u0105ce czytelnictwo w\u015br\u00f3d ma\u0142ych ... <a title=\"\u015awi\u0119to bajek i opowiadaczy\" class=\"read-more\" href=\"http:\/\/gbp.podedworze.pl\/index.php\/2021\/09\/02\/swieto-bajek-i-opowiadaczy-2\/\" aria-label=\"Read more about \u015awi\u0119to bajek i opowiadaczy\">Dowiedz si\u0119 wi\u0119cej<\/a><\/p>\n","protected":false},"author":3,"featured_media":0,"comment_status":"open","ping_status":"open","sticky":false,"template":"","format":"standard","meta":{"_monsterinsights_skip_tracking":false,"_monsterinsights_sitenote_active":false,"_monsterinsights_sitenote_note":"","_monsterinsights_sitenote_category":0,"footnotes":""},"categories":[91,3,9],"tags":[],"class_list":["post-1642","post","type-post","status-publish","format-standard","hentry","category-akademia-pana-kleksa-w-gbp-w-podedworzu-dzialania-animujace-czytelnictwo-wsrod-malych-i-duzych","category-aktualnosci","category-aktualnosci-aktualnosci"],"yoast_head":"<!-- This site is optimized with the Yoast SEO plugin v24.3 - https:\/\/yoast.com\/wordpress\/plugins\/seo\/ -->\n<title>\u015awi\u0119to bajek i opowiadaczy -<\/title>\n<meta name=\"robots\" content=\"index, follow, max-snippet:-1, max-image-preview:large, max-video-preview:-1\" \/>\n<link rel=\"canonical\" href=\"http:\/\/gbp.podedworze.pl\/index.php\/2021\/09\/02\/swieto-bajek-i-opowiadaczy-2\/\" \/>\n<meta property=\"og:locale\" content=\"pl_PL\" \/>\n<meta property=\"og:type\" content=\"article\" \/>\n<meta property=\"og:title\" content=\"\u015awi\u0119to bajek i opowiadaczy - uroczyste podsumowanie projektu\" \/>\n<meta property=\"og:description\" content=\"29 sierpnia 2021r. w budynku Gminnej Biblioteki Publicznej w Podedw\u00f3rzu mia\u0142o miejsce niecodzienne wydarzenie. Mieszka\u0144cy gminy wzi\u0119li udzia\u0142 w \u015awi\u0119cie bajek i opowiadaczy. Organizacja wydarzenia by\u0142a mo\u017cliwa dzi\u0119ki pozyskaniu dofinansowania przez Bibliotek\u0119 od Ministra Kultury, Dziedzictwa Narodowego i Sportu na realizacj\u0119 projektu &quot;Akademia Pana Kleksa w GBP w Podedw\u00f3rzu - dzia\u0142ania animuj\u0105ce czytelnictwo w\u015br\u00f3d ma\u0142ych ... Dowiedz si\u0119 wi\u0119cej\" \/>\n<meta property=\"og:url\" content=\"http:\/\/gbp.podedworze.pl\/index.php\/2021\/09\/02\/swieto-bajek-i-opowiadaczy-2\/\" \/>\n<meta property=\"article:publisher\" content=\"https:\/\/www.facebook.com\/GBPwPodedworzu\" \/>\n<meta property=\"article:published_time\" content=\"2021-09-02T11:56:31+00:00\" \/>\n<meta property=\"article:modified_time\" content=\"2021-09-02T11:56:32+00:00\" \/>\n<meta property=\"og:image\" content=\"http:\/\/gbp.podedworze.pl\/wp-content\/uploads\/2021\/09\/Swieto-bajek-i-opowiadaczy.jpg\" \/>\n\t<meta property=\"og:image:width\" content=\"2000\" \/>\n\t<meta property=\"og:image:height\" content=\"1555\" \/>\n\t<meta property=\"og:image:type\" content=\"image\/jpeg\" \/>\n<meta name=\"author\" content=\"Diana Hetman\" \/>\n<meta name=\"twitter:card\" content=\"summary_large_image\" \/>\n<meta name=\"twitter:label1\" content=\"Napisane przez\" \/>\n\t<meta name=\"twitter:data1\" content=\"Diana Hetman\" \/>\n\t<meta name=\"twitter:label2\" content=\"Szacowany czas czytania\" \/>\n\t<meta name=\"twitter:data2\" content=\"4 minuty\" \/>\n<script type=\"application\/ld+json\" class=\"yoast-schema-graph\">{\"@context\":\"https:\/\/schema.org\",\"@graph\":[{\"@type\":\"Article\",\"@id\":\"http:\/\/gbp.podedworze.pl\/index.php\/2021\/09\/02\/swieto-bajek-i-opowiadaczy-2\/#article\",\"isPartOf\":{\"@id\":\"http:\/\/gbp.podedworze.pl\/index.php\/2021\/09\/02\/swieto-bajek-i-opowiadaczy-2\/\"},\"author\":{\"name\":\"Diana Hetman\",\"@id\":\"http:\/\/gbp.podedworze.pl\/#\/schema\/person\/dfea2b3ca56c56b7d1cc7109d42ee986\"},\"headline\":\"\u015awi\u0119to bajek i opowiadaczy\",\"datePublished\":\"2021-09-02T11:56:31+00:00\",\"dateModified\":\"2021-09-02T11:56:32+00:00\",\"mainEntityOfPage\":{\"@id\":\"http:\/\/gbp.podedworze.pl\/index.php\/2021\/09\/02\/swieto-bajek-i-opowiadaczy-2\/\"},\"wordCount\":694,\"commentCount\":0,\"publisher\":{\"@id\":\"http:\/\/gbp.podedworze.pl\/#organization\"},\"image\":{\"@id\":\"http:\/\/gbp.podedworze.pl\/index.php\/2021\/09\/02\/swieto-bajek-i-opowiadaczy-2\/#primaryimage\"},\"thumbnailUrl\":\"http:\/\/gbp.podedworze.pl\/wp-content\/uploads\/2021\/09\/lista.jpg\",\"articleSection\":[\"Akademia Pana Kleksa w GBP w Podedw\u00f3rzu - dzia\u0142ania animuj\u0105ce czytelnictwo w\u015br\u00f3d ma\u0142ych i du\u017cych\",\"AKTUALNO\u015aCI\",\"Wydarzenia\"],\"inLanguage\":\"pl-PL\"},{\"@type\":\"WebPage\",\"@id\":\"http:\/\/gbp.podedworze.pl\/index.php\/2021\/09\/02\/swieto-bajek-i-opowiadaczy-2\/\",\"url\":\"http:\/\/gbp.podedworze.pl\/index.php\/2021\/09\/02\/swieto-bajek-i-opowiadaczy-2\/\",\"name\":\"\u015awi\u0119to bajek i opowiadaczy -\",\"isPartOf\":{\"@id\":\"http:\/\/gbp.podedworze.pl\/#website\"},\"primaryImageOfPage\":{\"@id\":\"http:\/\/gbp.podedworze.pl\/index.php\/2021\/09\/02\/swieto-bajek-i-opowiadaczy-2\/#primaryimage\"},\"image\":{\"@id\":\"http:\/\/gbp.podedworze.pl\/index.php\/2021\/09\/02\/swieto-bajek-i-opowiadaczy-2\/#primaryimage\"},\"thumbnailUrl\":\"http:\/\/gbp.podedworze.pl\/wp-content\/uploads\/2021\/09\/lista.jpg\",\"datePublished\":\"2021-09-02T11:56:31+00:00\",\"dateModified\":\"2021-09-02T11:56:32+00:00\",\"breadcrumb\":{\"@id\":\"http:\/\/gbp.podedworze.pl\/index.php\/2021\/09\/02\/swieto-bajek-i-opowiadaczy-2\/#breadcrumb\"},\"inLanguage\":\"pl-PL\",\"potentialAction\":[{\"@type\":\"ReadAction\",\"target\":[\"http:\/\/gbp.podedworze.pl\/index.php\/2021\/09\/02\/swieto-bajek-i-opowiadaczy-2\/\"]}]},{\"@type\":\"ImageObject\",\"inLanguage\":\"pl-PL\",\"@id\":\"http:\/\/gbp.podedworze.pl\/index.php\/2021\/09\/02\/swieto-bajek-i-opowiadaczy-2\/#primaryimage\",\"url\":\"http:\/\/gbp.podedworze.pl\/wp-content\/uploads\/2021\/09\/lista.jpg\",\"contentUrl\":\"http:\/\/gbp.podedworze.pl\/wp-content\/uploads\/2021\/09\/lista.jpg\",\"width\":1234,\"height\":528,\"caption\":\"lista rankingowa uczestnik\u00f3w gry\"},{\"@type\":\"BreadcrumbList\",\"@id\":\"http:\/\/gbp.podedworze.pl\/index.php\/2021\/09\/02\/swieto-bajek-i-opowiadaczy-2\/#breadcrumb\",\"itemListElement\":[{\"@type\":\"ListItem\",\"position\":1,\"name\":\"Strona g\u0142\u00f3wna\",\"item\":\"http:\/\/gbp.podedworze.pl\/\"},{\"@type\":\"ListItem\",\"position\":2,\"name\":\"\u015awi\u0119to bajek i opowiadaczy\"}]},{\"@type\":\"WebSite\",\"@id\":\"http:\/\/gbp.podedworze.pl\/#website\",\"url\":\"http:\/\/gbp.podedworze.pl\/\",\"name\":\"GMINNA BIBLIOTEKA PUBLICZNA W PODEDW\u00d3RZU\",\"description\":\"\",\"publisher\":{\"@id\":\"http:\/\/gbp.podedworze.pl\/#organization\"},\"potentialAction\":[{\"@type\":\"SearchAction\",\"target\":{\"@type\":\"EntryPoint\",\"urlTemplate\":\"http:\/\/gbp.podedworze.pl\/?s={search_term_string}\"},\"query-input\":{\"@type\":\"PropertyValueSpecification\",\"valueRequired\":true,\"valueName\":\"search_term_string\"}}],\"inLanguage\":\"pl-PL\"},{\"@type\":\"Organization\",\"@id\":\"http:\/\/gbp.podedworze.pl\/#organization\",\"name\":\"Gminna Biblioteka Publiczna w Podedw\u00f3rzu\",\"url\":\"http:\/\/gbp.podedworze.pl\/\",\"logo\":{\"@type\":\"ImageObject\",\"inLanguage\":\"pl-PL\",\"@id\":\"http:\/\/gbp.podedworze.pl\/#\/schema\/logo\/image\/\",\"url\":\"http:\/\/gbp.podedworze.pl\/wp-content\/uploads\/2020\/06\/logo.png\",\"contentUrl\":\"http:\/\/gbp.podedworze.pl\/wp-content\/uploads\/2020\/06\/logo.png\",\"width\":500,\"height\":500,\"caption\":\"Gminna Biblioteka Publiczna w Podedw\u00f3rzu\"},\"image\":{\"@id\":\"http:\/\/gbp.podedworze.pl\/#\/schema\/logo\/image\/\"},\"sameAs\":[\"https:\/\/www.facebook.com\/GBPwPodedworzu\"]},{\"@type\":\"Person\",\"@id\":\"http:\/\/gbp.podedworze.pl\/#\/schema\/person\/dfea2b3ca56c56b7d1cc7109d42ee986\",\"name\":\"Diana Hetman\",\"image\":{\"@type\":\"ImageObject\",\"inLanguage\":\"pl-PL\",\"@id\":\"http:\/\/gbp.podedworze.pl\/#\/schema\/person\/image\/\",\"url\":\"https:\/\/secure.gravatar.com\/avatar\/37074dca426bae78f9d345cae1bc4aff?s=96&d=mm&r=g\",\"contentUrl\":\"https:\/\/secure.gravatar.com\/avatar\/37074dca426bae78f9d345cae1bc4aff?s=96&d=mm&r=g\",\"caption\":\"Diana Hetman\"},\"sameAs\":[\"http:\/\/www.gbp.podedworze.pl\"],\"url\":\"http:\/\/gbp.podedworze.pl\/index.php\/author\/diana\/\"}]}<\/script>\n<!-- \/ Yoast SEO plugin. -->","yoast_head_json":{"title":"\u015awi\u0119to bajek i opowiadaczy -","robots":{"index":"index","follow":"follow","max-snippet":"max-snippet:-1","max-image-preview":"max-image-preview:large","max-video-preview":"max-video-preview:-1"},"canonical":"http:\/\/gbp.podedworze.pl\/index.php\/2021\/09\/02\/swieto-bajek-i-opowiadaczy-2\/","og_locale":"pl_PL","og_type":"article","og_title":"\u015awi\u0119to bajek i opowiadaczy - uroczyste podsumowanie projektu","og_description":"29 sierpnia 2021r. w budynku Gminnej Biblioteki Publicznej w Podedw\u00f3rzu mia\u0142o miejsce niecodzienne wydarzenie. Mieszka\u0144cy gminy wzi\u0119li udzia\u0142 w \u015awi\u0119cie bajek i opowiadaczy. Organizacja wydarzenia by\u0142a mo\u017cliwa dzi\u0119ki pozyskaniu dofinansowania przez Bibliotek\u0119 od Ministra Kultury, Dziedzictwa Narodowego i Sportu na realizacj\u0119 projektu \"Akademia Pana Kleksa w GBP w Podedw\u00f3rzu - dzia\u0142ania animuj\u0105ce czytelnictwo w\u015br\u00f3d ma\u0142ych ... Dowiedz si\u0119 wi\u0119cej","og_url":"http:\/\/gbp.podedworze.pl\/index.php\/2021\/09\/02\/swieto-bajek-i-opowiadaczy-2\/","article_publisher":"https:\/\/www.facebook.com\/GBPwPodedworzu","article_published_time":"2021-09-02T11:56:31+00:00","article_modified_time":"2021-09-02T11:56:32+00:00","og_image":[{"width":2000,"height":1555,"url":"http:\/\/gbp.podedworze.pl\/wp-content\/uploads\/2021\/09\/Swieto-bajek-i-opowiadaczy.jpg","type":"image\/jpeg"}],"author":"Diana Hetman","twitter_card":"summary_large_image","twitter_misc":{"Napisane przez":"Diana Hetman","Szacowany czas czytania":"4 minuty"},"schema":{"@context":"https:\/\/schema.org","@graph":[{"@type":"Article","@id":"http:\/\/gbp.podedworze.pl\/index.php\/2021\/09\/02\/swieto-bajek-i-opowiadaczy-2\/#article","isPartOf":{"@id":"http:\/\/gbp.podedworze.pl\/index.php\/2021\/09\/02\/swieto-bajek-i-opowiadaczy-2\/"},"author":{"name":"Diana Hetman","@id":"http:\/\/gbp.podedworze.pl\/#\/schema\/person\/dfea2b3ca56c56b7d1cc7109d42ee986"},"headline":"\u015awi\u0119to bajek i opowiadaczy","datePublished":"2021-09-02T11:56:31+00:00","dateModified":"2021-09-02T11:56:32+00:00","mainEntityOfPage":{"@id":"http:\/\/gbp.podedworze.pl\/index.php\/2021\/09\/02\/swieto-bajek-i-opowiadaczy-2\/"},"wordCount":694,"commentCount":0,"publisher":{"@id":"http:\/\/gbp.podedworze.pl\/#organization"},"image":{"@id":"http:\/\/gbp.podedworze.pl\/index.php\/2021\/09\/02\/swieto-bajek-i-opowiadaczy-2\/#primaryimage"},"thumbnailUrl":"http:\/\/gbp.podedworze.pl\/wp-content\/uploads\/2021\/09\/lista.jpg","articleSection":["Akademia Pana Kleksa w GBP w Podedw\u00f3rzu - dzia\u0142ania animuj\u0105ce czytelnictwo w\u015br\u00f3d ma\u0142ych i du\u017cych","AKTUALNO\u015aCI","Wydarzenia"],"inLanguage":"pl-PL"},{"@type":"WebPage","@id":"http:\/\/gbp.podedworze.pl\/index.php\/2021\/09\/02\/swieto-bajek-i-opowiadaczy-2\/","url":"http:\/\/gbp.podedworze.pl\/index.php\/2021\/09\/02\/swieto-bajek-i-opowiadaczy-2\/","name":"\u015awi\u0119to bajek i opowiadaczy -","isPartOf":{"@id":"http:\/\/gbp.podedworze.pl\/#website"},"primaryImageOfPage":{"@id":"http:\/\/gbp.podedworze.pl\/index.php\/2021\/09\/02\/swieto-bajek-i-opowiadaczy-2\/#primaryimage"},"image":{"@id":"http:\/\/gbp.podedworze.pl\/index.php\/2021\/09\/02\/swieto-bajek-i-opowiadaczy-2\/#primaryimage"},"thumbnailUrl":"http:\/\/gbp.podedworze.pl\/wp-content\/uploads\/2021\/09\/lista.jpg","datePublished":"2021-09-02T11:56:31+00:00","dateModified":"2021-09-02T11:56:32+00:00","breadcrumb":{"@id":"http:\/\/gbp.podedworze.pl\/index.php\/2021\/09\/02\/swieto-bajek-i-opowiadaczy-2\/#breadcrumb"},"inLanguage":"pl-PL","potentialAction":[{"@type":"ReadAction","target":["http:\/\/gbp.podedworze.pl\/index.php\/2021\/09\/02\/swieto-bajek-i-opowiadaczy-2\/"]}]},{"@type":"ImageObject","inLanguage":"pl-PL","@id":"http:\/\/gbp.podedworze.pl\/index.php\/2021\/09\/02\/swieto-bajek-i-opowiadaczy-2\/#primaryimage","url":"http:\/\/gbp.podedworze.pl\/wp-content\/uploads\/2021\/09\/lista.jpg","contentUrl":"http:\/\/gbp.podedworze.pl\/wp-content\/uploads\/2021\/09\/lista.jpg","width":1234,"height":528,"caption":"lista rankingowa uczestnik\u00f3w gry"},{"@type":"BreadcrumbList","@id":"http:\/\/gbp.podedworze.pl\/index.php\/2021\/09\/02\/swieto-bajek-i-opowiadaczy-2\/#breadcrumb","itemListElement":[{"@type":"ListItem","position":1,"name":"Strona g\u0142\u00f3wna","item":"http:\/\/gbp.podedworze.pl\/"},{"@type":"ListItem","position":2,"name":"\u015awi\u0119to bajek i opowiadaczy"}]},{"@type":"WebSite","@id":"http:\/\/gbp.podedworze.pl\/#website","url":"http:\/\/gbp.podedworze.pl\/","name":"GMINNA BIBLIOTEKA PUBLICZNA W PODEDW\u00d3RZU","description":"","publisher":{"@id":"http:\/\/gbp.podedworze.pl\/#organization"},"potentialAction":[{"@type":"SearchAction","target":{"@type":"EntryPoint","urlTemplate":"http:\/\/gbp.podedworze.pl\/?s={search_term_string}"},"query-input":{"@type":"PropertyValueSpecification","valueRequired":true,"valueName":"search_term_string"}}],"inLanguage":"pl-PL"},{"@type":"Organization","@id":"http:\/\/gbp.podedworze.pl\/#organization","name":"Gminna Biblioteka Publiczna w Podedw\u00f3rzu","url":"http:\/\/gbp.podedworze.pl\/","logo":{"@type":"ImageObject","inLanguage":"pl-PL","@id":"http:\/\/gbp.podedworze.pl\/#\/schema\/logo\/image\/","url":"http:\/\/gbp.podedworze.pl\/wp-content\/uploads\/2020\/06\/logo.png","contentUrl":"http:\/\/gbp.podedworze.pl\/wp-content\/uploads\/2020\/06\/logo.png","width":500,"height":500,"caption":"Gminna Biblioteka Publiczna w Podedw\u00f3rzu"},"image":{"@id":"http:\/\/gbp.podedworze.pl\/#\/schema\/logo\/image\/"},"sameAs":["https:\/\/www.facebook.com\/GBPwPodedworzu"]},{"@type":"Person","@id":"http:\/\/gbp.podedworze.pl\/#\/schema\/person\/dfea2b3ca56c56b7d1cc7109d42ee986","name":"Diana Hetman","image":{"@type":"ImageObject","inLanguage":"pl-PL","@id":"http:\/\/gbp.podedworze.pl\/#\/schema\/person\/image\/","url":"https:\/\/secure.gravatar.com\/avatar\/37074dca426bae78f9d345cae1bc4aff?s=96&d=mm&r=g","contentUrl":"https:\/\/secure.gravatar.com\/avatar\/37074dca426bae78f9d345cae1bc4aff?s=96&d=mm&r=g","caption":"Diana Hetman"},"sameAs":["http:\/\/www.gbp.podedworze.pl"],"url":"http:\/\/gbp.podedworze.pl\/index.php\/author\/diana\/"}]}},"_links":{"self":[{"href":"http:\/\/gbp.podedworze.pl\/index.php\/wp-json\/wp\/v2\/posts\/1642","targetHints":{"allow":["GET"]}}],"collection":[{"href":"http:\/\/gbp.podedworze.pl\/index.php\/wp-json\/wp\/v2\/posts"}],"about":[{"href":"http:\/\/gbp.podedworze.pl\/index.php\/wp-json\/wp\/v2\/types\/post"}],"author":[{"embeddable":true,"href":"http:\/\/gbp.podedworze.pl\/index.php\/wp-json\/wp\/v2\/users\/3"}],"replies":[{"embeddable":true,"href":"http:\/\/gbp.podedworze.pl\/index.php\/wp-json\/wp\/v2\/comments?post=1642"}],"version-history":[{"count":7,"href":"http:\/\/gbp.podedworze.pl\/index.php\/wp-json\/wp\/v2\/posts\/1642\/revisions"}],"predecessor-version":[{"id":1658,"href":"http:\/\/gbp.podedworze.pl\/index.php\/wp-json\/wp\/v2\/posts\/1642\/revisions\/1658"}],"wp:attachment":[{"href":"http:\/\/gbp.podedworze.pl\/index.php\/wp-json\/wp\/v2\/media?parent=1642"}],"wp:term":[{"taxonomy":"category","embeddable":true,"href":"http:\/\/gbp.podedworze.pl\/index.php\/wp-json\/wp\/v2\/categories?post=1642"},{"taxonomy":"post_tag","embeddable":true,"href":"http:\/\/gbp.podedworze.pl\/index.php\/wp-json\/wp\/v2\/tags?post=1642"}],"curies":[{"name":"wp","href":"https:\/\/api.w.org\/{rel}","templated":true}]}}