{"id":1543,"date":"2021-08-02T08:16:57","date_gmt":"2021-08-02T06:16:57","guid":{"rendered":"http:\/\/gbp.podedworze.pl\/?p=1543"},"modified":"2021-08-13T08:21:47","modified_gmt":"2021-08-13T06:21:47","slug":"aktywna-lubelszczyzna-konkurs-grantowy-male-fio","status":"publish","type":"post","link":"http:\/\/gbp.podedworze.pl\/index.php\/2021\/08\/02\/aktywna-lubelszczyzna-konkurs-grantowy-male-fio\/","title":{"rendered":"Aktywna Lubelszczyzna, konkurs grantowy Ma\u0142e \"FIO5\""},"content":{"rendered":"<div id=\"dslc-theme-content\"><div id=\"dslc-theme-content-inner\">\t\t<div data-elementor-type=\"wp-post\" data-elementor-id=\"1543\" class=\"elementor elementor-1543\">\n\t\t\t\t\t\t<section class=\"elementor-section elementor-top-section elementor-element elementor-element-4920c8a9 elementor-section-boxed elementor-section-height-default elementor-section-height-default\" data-id=\"4920c8a9\" data-element_type=\"section\">\n\t\t\t\t\t\t<div class=\"elementor-container elementor-column-gap-default\">\n\t\t\t\t\t<div class=\"elementor-column elementor-col-100 elementor-top-column elementor-element elementor-element-772ccb2\" data-id=\"772ccb2\" data-element_type=\"column\">\n\t\t\t<div class=\"elementor-widget-wrap elementor-element-populated\">\n\t\t\t\t\t\t<div class=\"elementor-element elementor-element-5ff4f192 elementor-widget elementor-widget-text-editor\" data-id=\"5ff4f192\" data-element_type=\"widget\" data-widget_type=\"text-editor.default\">\n\t\t\t\t<div class=\"elementor-widget-container\">\n\t\t\t\t\t\t\t\t\t\n<p><\/p>\n\n\n\n<p><\/p>\n\n\n\n<p><\/p>\n\t\t\t\t\t\t\t\t<\/div>\n\t\t\t\t<\/div>\n\t\t\t\t\t<\/div>\n\t\t<\/div>\n\t\t\t\t\t<\/div>\n\t\t<\/section>\n\t\t\t\t<section class=\"elementor-section elementor-top-section elementor-element elementor-element-3835c1d elementor-section-boxed elementor-section-height-default elementor-section-height-default\" data-id=\"3835c1d\" data-element_type=\"section\">\n\t\t\t\t\t\t<div class=\"elementor-container elementor-column-gap-default\">\n\t\t\t\t\t<div class=\"elementor-column elementor-col-100 elementor-top-column elementor-element elementor-element-b25a1e0\" data-id=\"b25a1e0\" data-element_type=\"column\">\n\t\t\t<div class=\"elementor-widget-wrap elementor-element-populated\">\n\t\t\t\t\t\t<div class=\"elementor-element elementor-element-729fbc0 elementor-widget elementor-widget-image\" data-id=\"729fbc0\" data-element_type=\"widget\" data-widget_type=\"image.default\">\n\t\t\t\t<div class=\"elementor-widget-container\">\n\t\t\t\t\t\t\t\t\t\t\t\t\t\t\t<img fetchpriority=\"high\" decoding=\"async\" width=\"916\" height=\"768\" src=\"http:\/\/gbp.podedworze.pl\/wp-content\/uploads\/2021\/08\/grafika-spotkania-w-powiatach.jpg\" class=\"attachment-large size-large wp-image-1545\" alt=\"\" srcset=\"http:\/\/gbp.podedworze.pl\/wp-content\/uploads\/2021\/08\/grafika-spotkania-w-powiatach.jpg 916w, http:\/\/gbp.podedworze.pl\/wp-content\/uploads\/2021\/08\/grafika-spotkania-w-powiatach-768x644.jpg 768w\" sizes=\"(max-width: 916px) 100vw, 916px\" \/>\t\t\t\t\t\t\t\t\t\t\t\t\t\t\t<\/div>\n\t\t\t\t<\/div>\n\t\t\t\t\t<\/div>\n\t\t<\/div>\n\t\t\t\t\t<\/div>\n\t\t<\/section>\n\t\t\t\t<section class=\"elementor-section elementor-top-section elementor-element elementor-element-10ac6af elementor-section-boxed elementor-section-height-default elementor-section-height-default\" data-id=\"10ac6af\" data-element_type=\"section\">\n\t\t\t\t\t\t<div class=\"elementor-container elementor-column-gap-default\">\n\t\t\t\t\t<div class=\"elementor-column elementor-col-100 elementor-top-column elementor-element elementor-element-3e2739d\" data-id=\"3e2739d\" data-element_type=\"column\">\n\t\t\t<div class=\"elementor-widget-wrap elementor-element-populated\">\n\t\t\t\t\t\t<div class=\"elementor-element elementor-element-b1ad40f elementor-widget elementor-widget-text-editor\" data-id=\"b1ad40f\" data-element_type=\"widget\" data-widget_type=\"text-editor.default\">\n\t\t\t\t<div class=\"elementor-widget-container\">\n\t\t\t\t\t\t\t\t\t<h3><strong>Stowarzyszenie \u201eCzajnia\u201d i Centrum Wolontariatu w Lublinie<\/strong> zapraszaj\u0105 do<\/h3>\n<h4>udzia\u0142u w spotkaniu informacyjnym dotycz\u0105cym <strong>konkursu grantowego Aktywna Lubelszczyzna<\/strong> w ramach Funduszu Inicjatyw Obywatelskich NOWE FIO na lata 2021-2030,<\/h4>\n<h4>kt\u00f3re odb\u0119dzie si\u0119<strong> 10 sierpnia 2021 roku, o godzinie 9:00 w sali konferencyjnej Starostwa Powiatowego w Parczewie, ul. Warszawska 24.<\/strong><\/h4>\n<p>Celem spotkania jest prezentacja mo\u017cliwo\u015bci realizowania inicjatyw w\u0142asnych przez ma\u0142e organizacje pozarz\u0105dowe i nieformalne grupy aktywnych obywateli. Uczestnicy zapoznaj\u0105 si\u0119 z zasadami wnioskowania o dotacj\u0119 w ramach priorytetu Ma\u0142e Inicjatywy.<\/p>\n<p>Zaproszenie skierowane jest do przedstawicieli lokalnych spo\u0142eczno\u015bci, NGO\u2019s, grup nieformalnych, przedstawicieli samorz\u0105d\u00f3w, nauczycieli, bibliotekarzy, wsp\u00f3lnot parafialnych i wszystkich tych, kt\u00f3rym na sercu le\u017cy dobro najbli\u017cszego otoczenia.<br \/>Udzia\u0142 w wydarzeniu to szansa na wymian\u0119 dobrych praktyk i nawi\u0105zanie relacji pomi\u0119dzy uczestnikami, kt\u00f3re mog\u0105 zaowocowa\u0107 wsp\u00f3lnymi dzia\u0142aniami i projektami.<\/p>\n<h6>Sfinansowano przez Narodowy Instytut Wolno\u015bci - Centrum Rozwoju Spo\u0142ecze\u0144stwa Obywatelskiego ze \u015brodk\u00f3w Programu Fundusz Inicjatyw Obywatelskich na lata 2021 \u2013 2030.<\/h6>\n<div>\u00a0<\/div>\n<div>\u00a0<\/div>\t\t\t\t\t\t\t\t<\/div>\n\t\t\t\t<\/div>\n\t\t\t\t\t<\/div>\n\t\t<\/div>\n\t\t\t\t\t<\/div>\n\t\t<\/section>\n\t\t\t\t<\/div>\n\t\t<\/div><\/div>","protected":false},"excerpt":{"rendered":"<p>Stowarzyszenie \u201eCzajnia\u201d i Centrum Wolontariatu w Lublinie zapraszaj\u0105 do udzia\u0142u w spotkaniu informacyjnym dotycz\u0105cym konkursu grantowego Aktywna Lubelszczyzna w ramach Funduszu Inicjatyw Obywatelskich NOWE FIO na lata 2021-2030, kt\u00f3re odb\u0119dzie si\u0119 10 sierpnia 2021 roku, o godzinie 9:00 w sali konferencyjnej Starostwa Powiatowego w Parczewie, ul. Warszawska 24. Celem spotkania jest prezentacja mo\u017cliwo\u015bci realizowania inicjatyw ... <a title=\"Aktywna Lubelszczyzna, konkurs grantowy Ma\u0142e &quot;FIO5&quot;\" class=\"read-more\" href=\"http:\/\/gbp.podedworze.pl\/index.php\/2021\/08\/02\/aktywna-lubelszczyzna-konkurs-grantowy-male-fio\/\" aria-label=\"Read more about Aktywna Lubelszczyzna, konkurs grantowy Ma\u0142e &quot;FIO5&quot;\">Dowiedz si\u0119 wi\u0119cej<\/a><\/p>\n","protected":false},"author":5,"featured_media":0,"comment_status":"open","ping_status":"open","sticky":false,"template":"","format":"standard","meta":{"_monsterinsights_skip_tracking":false,"_monsterinsights_sitenote_active":false,"_monsterinsights_sitenote_note":"","_monsterinsights_sitenote_category":0,"footnotes":""},"categories":[23,22,10,21],"tags":[],"class_list":["post-1543","post","type-post","status-publish","format-standard","hentry","category-aktualnosci-wspolpraca-z-ngo","category-informacje-o-dotacjach","category-konkursy","category-wspolpraca-z-ngo"],"yoast_head":"<!-- This site is optimized with the Yoast SEO plugin v24.3 - https:\/\/yoast.com\/wordpress\/plugins\/seo\/ -->\n<title>Aktywna Lubelszczyzna, konkurs grantowy Ma\u0142e &quot;FIO5&quot; -<\/title>\n<meta name=\"robots\" content=\"index, follow, max-snippet:-1, max-image-preview:large, max-video-preview:-1\" \/>\n<link rel=\"canonical\" href=\"http:\/\/gbp.podedworze.pl\/index.php\/2021\/08\/02\/aktywna-lubelszczyzna-konkurs-grantowy-male-fio\/\" \/>\n<meta property=\"og:locale\" content=\"pl_PL\" \/>\n<meta property=\"og:type\" content=\"article\" \/>\n<meta property=\"og:title\" content=\"Aktywna Lubelszczyzna, konkurs grantowy Ma\u0142e &quot;FIO5&quot; -\" \/>\n<meta property=\"og:description\" content=\"Stowarzyszenie \u201eCzajnia\u201d i Centrum Wolontariatu w Lublinie zapraszaj\u0105 do udzia\u0142u w spotkaniu informacyjnym dotycz\u0105cym konkursu grantowego Aktywna Lubelszczyzna w ramach Funduszu Inicjatyw Obywatelskich NOWE FIO na lata 2021-2030, kt\u00f3re odb\u0119dzie si\u0119 10 sierpnia 2021 roku, o godzinie 9:00 w sali konferencyjnej Starostwa Powiatowego w Parczewie, ul. Warszawska 24. Celem spotkania jest prezentacja mo\u017cliwo\u015bci realizowania inicjatyw ... Dowiedz si\u0119 wi\u0119cej\" \/>\n<meta property=\"og:url\" content=\"http:\/\/gbp.podedworze.pl\/index.php\/2021\/08\/02\/aktywna-lubelszczyzna-konkurs-grantowy-male-fio\/\" \/>\n<meta property=\"article:publisher\" content=\"https:\/\/www.facebook.com\/GBPwPodedworzu\" \/>\n<meta property=\"article:published_time\" content=\"2021-08-02T06:16:57+00:00\" \/>\n<meta property=\"article:modified_time\" content=\"2021-08-13T06:21:47+00:00\" \/>\n<meta property=\"og:image\" content=\"http:\/\/gbp.podedworze.pl\/wp-content\/uploads\/2021\/08\/grafika-spotkania-w-powiatach.jpg\" \/>\n\t<meta property=\"og:image:width\" content=\"916\" \/>\n\t<meta property=\"og:image:height\" content=\"768\" \/>\n\t<meta property=\"og:image:type\" content=\"image\/jpeg\" \/>\n<meta name=\"author\" content=\"Agnieszka Juchno\" \/>\n<meta name=\"twitter:card\" content=\"summary_large_image\" \/>\n<meta name=\"twitter:label1\" content=\"Napisane przez\" \/>\n\t<meta name=\"twitter:data1\" content=\"Agnieszka Juchno\" \/>\n<script type=\"application\/ld+json\" class=\"yoast-schema-graph\">{\"@context\":\"https:\/\/schema.org\",\"@graph\":[{\"@type\":\"Article\",\"@id\":\"http:\/\/gbp.podedworze.pl\/index.php\/2021\/08\/02\/aktywna-lubelszczyzna-konkurs-grantowy-male-fio\/#article\",\"isPartOf\":{\"@id\":\"http:\/\/gbp.podedworze.pl\/index.php\/2021\/08\/02\/aktywna-lubelszczyzna-konkurs-grantowy-male-fio\/\"},\"author\":{\"name\":\"Agnieszka Juchno\",\"@id\":\"http:\/\/gbp.podedworze.pl\/#\/schema\/person\/2a7b643e59701c61235471a041776408\"},\"headline\":\"Aktywna Lubelszczyzna, konkurs grantowy Ma\u0142e \\\"FIO5\\\"\",\"datePublished\":\"2021-08-02T06:16:57+00:00\",\"dateModified\":\"2021-08-13T06:21:47+00:00\",\"mainEntityOfPage\":{\"@id\":\"http:\/\/gbp.podedworze.pl\/index.php\/2021\/08\/02\/aktywna-lubelszczyzna-konkurs-grantowy-male-fio\/\"},\"wordCount\":174,\"commentCount\":0,\"publisher\":{\"@id\":\"http:\/\/gbp.podedworze.pl\/#organization\"},\"image\":{\"@id\":\"http:\/\/gbp.podedworze.pl\/index.php\/2021\/08\/02\/aktywna-lubelszczyzna-konkurs-grantowy-male-fio\/#primaryimage\"},\"thumbnailUrl\":\"http:\/\/gbp.podedworze.pl\/wp-content\/uploads\/2021\/08\/grafika-spotkania-w-powiatach.jpg\",\"articleSection\":[\"Dzia\u0142alno\u015b\u0107 organizacji pozarz\u0105dowych - aktualno\u015bci\",\"Informacje o dotacjach\",\"Konkursy\",\"Organizacje pozarz\u0105dowe z Gminy Podedw\u00f3rze\"],\"inLanguage\":\"pl-PL\"},{\"@type\":\"WebPage\",\"@id\":\"http:\/\/gbp.podedworze.pl\/index.php\/2021\/08\/02\/aktywna-lubelszczyzna-konkurs-grantowy-male-fio\/\",\"url\":\"http:\/\/gbp.podedworze.pl\/index.php\/2021\/08\/02\/aktywna-lubelszczyzna-konkurs-grantowy-male-fio\/\",\"name\":\"Aktywna Lubelszczyzna, konkurs grantowy Ma\u0142e \\\"FIO5\\\" -\",\"isPartOf\":{\"@id\":\"http:\/\/gbp.podedworze.pl\/#website\"},\"primaryImageOfPage\":{\"@id\":\"http:\/\/gbp.podedworze.pl\/index.php\/2021\/08\/02\/aktywna-lubelszczyzna-konkurs-grantowy-male-fio\/#primaryimage\"},\"image\":{\"@id\":\"http:\/\/gbp.podedworze.pl\/index.php\/2021\/08\/02\/aktywna-lubelszczyzna-konkurs-grantowy-male-fio\/#primaryimage\"},\"thumbnailUrl\":\"http:\/\/gbp.podedworze.pl\/wp-content\/uploads\/2021\/08\/grafika-spotkania-w-powiatach.jpg\",\"datePublished\":\"2021-08-02T06:16:57+00:00\",\"dateModified\":\"2021-08-13T06:21:47+00:00\",\"breadcrumb\":{\"@id\":\"http:\/\/gbp.podedworze.pl\/index.php\/2021\/08\/02\/aktywna-lubelszczyzna-konkurs-grantowy-male-fio\/#breadcrumb\"},\"inLanguage\":\"pl-PL\",\"potentialAction\":[{\"@type\":\"ReadAction\",\"target\":[\"http:\/\/gbp.podedworze.pl\/index.php\/2021\/08\/02\/aktywna-lubelszczyzna-konkurs-grantowy-male-fio\/\"]}]},{\"@type\":\"ImageObject\",\"inLanguage\":\"pl-PL\",\"@id\":\"http:\/\/gbp.podedworze.pl\/index.php\/2021\/08\/02\/aktywna-lubelszczyzna-konkurs-grantowy-male-fio\/#primaryimage\",\"url\":\"http:\/\/gbp.podedworze.pl\/wp-content\/uploads\/2021\/08\/grafika-spotkania-w-powiatach.jpg\",\"contentUrl\":\"http:\/\/gbp.podedworze.pl\/wp-content\/uploads\/2021\/08\/grafika-spotkania-w-powiatach.jpg\",\"width\":916,\"height\":768},{\"@type\":\"BreadcrumbList\",\"@id\":\"http:\/\/gbp.podedworze.pl\/index.php\/2021\/08\/02\/aktywna-lubelszczyzna-konkurs-grantowy-male-fio\/#breadcrumb\",\"itemListElement\":[{\"@type\":\"ListItem\",\"position\":1,\"name\":\"Strona g\u0142\u00f3wna\",\"item\":\"http:\/\/gbp.podedworze.pl\/\"},{\"@type\":\"ListItem\",\"position\":2,\"name\":\"Aktywna Lubelszczyzna, konkurs grantowy Ma\u0142e \\\"FIO5\\\"\"}]},{\"@type\":\"WebSite\",\"@id\":\"http:\/\/gbp.podedworze.pl\/#website\",\"url\":\"http:\/\/gbp.podedworze.pl\/\",\"name\":\"GMINNA BIBLIOTEKA PUBLICZNA W PODEDW\u00d3RZU\",\"description\":\"\",\"publisher\":{\"@id\":\"http:\/\/gbp.podedworze.pl\/#organization\"},\"potentialAction\":[{\"@type\":\"SearchAction\",\"target\":{\"@type\":\"EntryPoint\",\"urlTemplate\":\"http:\/\/gbp.podedworze.pl\/?s={search_term_string}\"},\"query-input\":{\"@type\":\"PropertyValueSpecification\",\"valueRequired\":true,\"valueName\":\"search_term_string\"}}],\"inLanguage\":\"pl-PL\"},{\"@type\":\"Organization\",\"@id\":\"http:\/\/gbp.podedworze.pl\/#organization\",\"name\":\"Gminna Biblioteka Publiczna w Podedw\u00f3rzu\",\"url\":\"http:\/\/gbp.podedworze.pl\/\",\"logo\":{\"@type\":\"ImageObject\",\"inLanguage\":\"pl-PL\",\"@id\":\"http:\/\/gbp.podedworze.pl\/#\/schema\/logo\/image\/\",\"url\":\"http:\/\/gbp.podedworze.pl\/wp-content\/uploads\/2020\/06\/logo.png\",\"contentUrl\":\"http:\/\/gbp.podedworze.pl\/wp-content\/uploads\/2020\/06\/logo.png\",\"width\":500,\"height\":500,\"caption\":\"Gminna Biblioteka Publiczna w Podedw\u00f3rzu\"},\"image\":{\"@id\":\"http:\/\/gbp.podedworze.pl\/#\/schema\/logo\/image\/\"},\"sameAs\":[\"https:\/\/www.facebook.com\/GBPwPodedworzu\"]},{\"@type\":\"Person\",\"@id\":\"http:\/\/gbp.podedworze.pl\/#\/schema\/person\/2a7b643e59701c61235471a041776408\",\"name\":\"Agnieszka Juchno\",\"image\":{\"@type\":\"ImageObject\",\"inLanguage\":\"pl-PL\",\"@id\":\"http:\/\/gbp.podedworze.pl\/#\/schema\/person\/image\/\",\"url\":\"https:\/\/secure.gravatar.com\/avatar\/649e27e1788d79268446202f1375dce9?s=96&d=mm&r=g\",\"contentUrl\":\"https:\/\/secure.gravatar.com\/avatar\/649e27e1788d79268446202f1375dce9?s=96&d=mm&r=g\",\"caption\":\"Agnieszka Juchno\"},\"sameAs\":[\"http:\/\/gbp.podedworze.pl\"],\"url\":\"http:\/\/gbp.podedworze.pl\/index.php\/author\/agnieszka\/\"}]}<\/script>\n<!-- \/ Yoast SEO plugin. -->","yoast_head_json":{"title":"Aktywna Lubelszczyzna, konkurs grantowy Ma\u0142e \"FIO5\" -","robots":{"index":"index","follow":"follow","max-snippet":"max-snippet:-1","max-image-preview":"max-image-preview:large","max-video-preview":"max-video-preview:-1"},"canonical":"http:\/\/gbp.podedworze.pl\/index.php\/2021\/08\/02\/aktywna-lubelszczyzna-konkurs-grantowy-male-fio\/","og_locale":"pl_PL","og_type":"article","og_title":"Aktywna Lubelszczyzna, konkurs grantowy Ma\u0142e \"FIO5\" -","og_description":"Stowarzyszenie \u201eCzajnia\u201d i Centrum Wolontariatu w Lublinie zapraszaj\u0105 do udzia\u0142u w spotkaniu informacyjnym dotycz\u0105cym konkursu grantowego Aktywna Lubelszczyzna w ramach Funduszu Inicjatyw Obywatelskich NOWE FIO na lata 2021-2030, kt\u00f3re odb\u0119dzie si\u0119 10 sierpnia 2021 roku, o godzinie 9:00 w sali konferencyjnej Starostwa Powiatowego w Parczewie, ul. Warszawska 24. Celem spotkania jest prezentacja mo\u017cliwo\u015bci realizowania inicjatyw ... Dowiedz si\u0119 wi\u0119cej","og_url":"http:\/\/gbp.podedworze.pl\/index.php\/2021\/08\/02\/aktywna-lubelszczyzna-konkurs-grantowy-male-fio\/","article_publisher":"https:\/\/www.facebook.com\/GBPwPodedworzu","article_published_time":"2021-08-02T06:16:57+00:00","article_modified_time":"2021-08-13T06:21:47+00:00","og_image":[{"width":916,"height":768,"url":"http:\/\/gbp.podedworze.pl\/wp-content\/uploads\/2021\/08\/grafika-spotkania-w-powiatach.jpg","type":"image\/jpeg"}],"author":"Agnieszka Juchno","twitter_card":"summary_large_image","twitter_misc":{"Napisane przez":"Agnieszka Juchno"},"schema":{"@context":"https:\/\/schema.org","@graph":[{"@type":"Article","@id":"http:\/\/gbp.podedworze.pl\/index.php\/2021\/08\/02\/aktywna-lubelszczyzna-konkurs-grantowy-male-fio\/#article","isPartOf":{"@id":"http:\/\/gbp.podedworze.pl\/index.php\/2021\/08\/02\/aktywna-lubelszczyzna-konkurs-grantowy-male-fio\/"},"author":{"name":"Agnieszka Juchno","@id":"http:\/\/gbp.podedworze.pl\/#\/schema\/person\/2a7b643e59701c61235471a041776408"},"headline":"Aktywna Lubelszczyzna, konkurs grantowy Ma\u0142e \"FIO5\"","datePublished":"2021-08-02T06:16:57+00:00","dateModified":"2021-08-13T06:21:47+00:00","mainEntityOfPage":{"@id":"http:\/\/gbp.podedworze.pl\/index.php\/2021\/08\/02\/aktywna-lubelszczyzna-konkurs-grantowy-male-fio\/"},"wordCount":174,"commentCount":0,"publisher":{"@id":"http:\/\/gbp.podedworze.pl\/#organization"},"image":{"@id":"http:\/\/gbp.podedworze.pl\/index.php\/2021\/08\/02\/aktywna-lubelszczyzna-konkurs-grantowy-male-fio\/#primaryimage"},"thumbnailUrl":"http:\/\/gbp.podedworze.pl\/wp-content\/uploads\/2021\/08\/grafika-spotkania-w-powiatach.jpg","articleSection":["Dzia\u0142alno\u015b\u0107 organizacji pozarz\u0105dowych - aktualno\u015bci","Informacje o dotacjach","Konkursy","Organizacje pozarz\u0105dowe z Gminy Podedw\u00f3rze"],"inLanguage":"pl-PL"},{"@type":"WebPage","@id":"http:\/\/gbp.podedworze.pl\/index.php\/2021\/08\/02\/aktywna-lubelszczyzna-konkurs-grantowy-male-fio\/","url":"http:\/\/gbp.podedworze.pl\/index.php\/2021\/08\/02\/aktywna-lubelszczyzna-konkurs-grantowy-male-fio\/","name":"Aktywna Lubelszczyzna, konkurs grantowy Ma\u0142e \"FIO5\" -","isPartOf":{"@id":"http:\/\/gbp.podedworze.pl\/#website"},"primaryImageOfPage":{"@id":"http:\/\/gbp.podedworze.pl\/index.php\/2021\/08\/02\/aktywna-lubelszczyzna-konkurs-grantowy-male-fio\/#primaryimage"},"image":{"@id":"http:\/\/gbp.podedworze.pl\/index.php\/2021\/08\/02\/aktywna-lubelszczyzna-konkurs-grantowy-male-fio\/#primaryimage"},"thumbnailUrl":"http:\/\/gbp.podedworze.pl\/wp-content\/uploads\/2021\/08\/grafika-spotkania-w-powiatach.jpg","datePublished":"2021-08-02T06:16:57+00:00","dateModified":"2021-08-13T06:21:47+00:00","breadcrumb":{"@id":"http:\/\/gbp.podedworze.pl\/index.php\/2021\/08\/02\/aktywna-lubelszczyzna-konkurs-grantowy-male-fio\/#breadcrumb"},"inLanguage":"pl-PL","potentialAction":[{"@type":"ReadAction","target":["http:\/\/gbp.podedworze.pl\/index.php\/2021\/08\/02\/aktywna-lubelszczyzna-konkurs-grantowy-male-fio\/"]}]},{"@type":"ImageObject","inLanguage":"pl-PL","@id":"http:\/\/gbp.podedworze.pl\/index.php\/2021\/08\/02\/aktywna-lubelszczyzna-konkurs-grantowy-male-fio\/#primaryimage","url":"http:\/\/gbp.podedworze.pl\/wp-content\/uploads\/2021\/08\/grafika-spotkania-w-powiatach.jpg","contentUrl":"http:\/\/gbp.podedworze.pl\/wp-content\/uploads\/2021\/08\/grafika-spotkania-w-powiatach.jpg","width":916,"height":768},{"@type":"BreadcrumbList","@id":"http:\/\/gbp.podedworze.pl\/index.php\/2021\/08\/02\/aktywna-lubelszczyzna-konkurs-grantowy-male-fio\/#breadcrumb","itemListElement":[{"@type":"ListItem","position":1,"name":"Strona g\u0142\u00f3wna","item":"http:\/\/gbp.podedworze.pl\/"},{"@type":"ListItem","position":2,"name":"Aktywna Lubelszczyzna, konkurs grantowy Ma\u0142e \"FIO5\""}]},{"@type":"WebSite","@id":"http:\/\/gbp.podedworze.pl\/#website","url":"http:\/\/gbp.podedworze.pl\/","name":"GMINNA BIBLIOTEKA PUBLICZNA W PODEDW\u00d3RZU","description":"","publisher":{"@id":"http:\/\/gbp.podedworze.pl\/#organization"},"potentialAction":[{"@type":"SearchAction","target":{"@type":"EntryPoint","urlTemplate":"http:\/\/gbp.podedworze.pl\/?s={search_term_string}"},"query-input":{"@type":"PropertyValueSpecification","valueRequired":true,"valueName":"search_term_string"}}],"inLanguage":"pl-PL"},{"@type":"Organization","@id":"http:\/\/gbp.podedworze.pl\/#organization","name":"Gminna Biblioteka Publiczna w Podedw\u00f3rzu","url":"http:\/\/gbp.podedworze.pl\/","logo":{"@type":"ImageObject","inLanguage":"pl-PL","@id":"http:\/\/gbp.podedworze.pl\/#\/schema\/logo\/image\/","url":"http:\/\/gbp.podedworze.pl\/wp-content\/uploads\/2020\/06\/logo.png","contentUrl":"http:\/\/gbp.podedworze.pl\/wp-content\/uploads\/2020\/06\/logo.png","width":500,"height":500,"caption":"Gminna Biblioteka Publiczna w Podedw\u00f3rzu"},"image":{"@id":"http:\/\/gbp.podedworze.pl\/#\/schema\/logo\/image\/"},"sameAs":["https:\/\/www.facebook.com\/GBPwPodedworzu"]},{"@type":"Person","@id":"http:\/\/gbp.podedworze.pl\/#\/schema\/person\/2a7b643e59701c61235471a041776408","name":"Agnieszka Juchno","image":{"@type":"ImageObject","inLanguage":"pl-PL","@id":"http:\/\/gbp.podedworze.pl\/#\/schema\/person\/image\/","url":"https:\/\/secure.gravatar.com\/avatar\/649e27e1788d79268446202f1375dce9?s=96&d=mm&r=g","contentUrl":"https:\/\/secure.gravatar.com\/avatar\/649e27e1788d79268446202f1375dce9?s=96&d=mm&r=g","caption":"Agnieszka Juchno"},"sameAs":["http:\/\/gbp.podedworze.pl"],"url":"http:\/\/gbp.podedworze.pl\/index.php\/author\/agnieszka\/"}]}},"_links":{"self":[{"href":"http:\/\/gbp.podedworze.pl\/index.php\/wp-json\/wp\/v2\/posts\/1543","targetHints":{"allow":["GET"]}}],"collection":[{"href":"http:\/\/gbp.podedworze.pl\/index.php\/wp-json\/wp\/v2\/posts"}],"about":[{"href":"http:\/\/gbp.podedworze.pl\/index.php\/wp-json\/wp\/v2\/types\/post"}],"author":[{"embeddable":true,"href":"http:\/\/gbp.podedworze.pl\/index.php\/wp-json\/wp\/v2\/users\/5"}],"replies":[{"embeddable":true,"href":"http:\/\/gbp.podedworze.pl\/index.php\/wp-json\/wp\/v2\/comments?post=1543"}],"version-history":[{"count":6,"href":"http:\/\/gbp.podedworze.pl\/index.php\/wp-json\/wp\/v2\/posts\/1543\/revisions"}],"predecessor-version":[{"id":1583,"href":"http:\/\/gbp.podedworze.pl\/index.php\/wp-json\/wp\/v2\/posts\/1543\/revisions\/1583"}],"wp:attachment":[{"href":"http:\/\/gbp.podedworze.pl\/index.php\/wp-json\/wp\/v2\/media?parent=1543"}],"wp:term":[{"taxonomy":"category","embeddable":true,"href":"http:\/\/gbp.podedworze.pl\/index.php\/wp-json\/wp\/v2\/categories?post=1543"},{"taxonomy":"post_tag","embeddable":true,"href":"http:\/\/gbp.podedworze.pl\/index.php\/wp-json\/wp\/v2\/tags?post=1543"}],"curies":[{"name":"wp","href":"https:\/\/api.w.org\/{rel}","templated":true}]}}