{"id":1497,"date":"2021-07-21T09:46:55","date_gmt":"2021-07-21T07:46:55","guid":{"rendered":"http:\/\/gbp.podedworze.pl\/?p=1497"},"modified":"2021-09-07T11:31:00","modified_gmt":"2021-09-07T09:31:00","slug":"warsztaty-kompetencje-medialne-dla-dzieci-i-mlodziezy","status":"publish","type":"post","link":"http:\/\/gbp.podedworze.pl\/index.php\/2021\/07\/21\/warsztaty-kompetencje-medialne-dla-dzieci-i-mlodziezy\/","title":{"rendered":"Warsztaty ,,Kompetencje Medialne\" dla dzieci i m\u0142odzie\u017cy"},"content":{"rendered":"<div id=\"dslc-theme-content\"><div id=\"dslc-theme-content-inner\">\n<div class=\"wp-block-media-text alignwide is-stacked-on-mobile\"><figure class=\"wp-block-media-text__media\"><img fetchpriority=\"high\" decoding=\"async\" width=\"507\" height=\"192\" src=\"http:\/\/gbp.podedworze.pl\/wp-content\/uploads\/2021\/07\/logo-siec-na-kulture.jpg\" alt=\"\" class=\"wp-image-1498\"\/><\/figure><div class=\"wp-block-media-text__content\">\n<h3 class=\"wp-block-heading\">Warsztaty \" Kompetencje medialne\" w ramach projektu Sie\u0107 na kultur\u0119 to niesamowita dawka  niezb\u0119dnej wiedzy, dotycz\u0105cej umiej\u0119tno\u015bci pos\u0142ugiwania si\u0119 najnowszymi technologiami, tw\u00f3rczego wykorzystania informacji oraz szeroko poj\u0119tego cyfrowego rozwoju. <\/h3>\n\n\n\n<h3 class=\"wp-block-heading\">Tre\u015bci przekazane podczas szkolenia b\u0119d\u0105  dostosowane do wieku uczestnik\u00f3w, tak aby ka\u017cde dziecko mog\u0142o samodzielne pozna\u0107 poszczeg\u00f3lne umiej\u0119tno\u015bci dotycz\u0105ce poruszania si\u0119 w sieci. Warsztaty r\u00f3wnie\u017c przybli\u017c\u0105 informacje dotycz\u0105ce jak dba\u0107 o sw\u00f3j wizerunek i bezpiecze\u0144stwo, przeka\u017c\u0105 wiedz\u0119 o tym jak korzysta\u0107 z program\u00f3w edytorskich, pakietu Microsoft Office itp.<\/h3>\n\n\n\n<h3 class=\"wp-block-heading\">Warsztaty s\u0105 <strong>ca\u0142kowicie bezp\u0142atne<\/strong> i odbywaj\u0105 si\u0119 zdalnie od 04.08.2021 do 09.08.2021 <\/h3>\n\n\n\n<h3 class=\"wp-block-heading\">Wi\u0119cej informacji mo\u017cna uzyska\u0107 pod numerem 690 482 252<\/h3>\n\n\n\n<p>Projekt \u201d Sie\u0107 na kultur\u0119\u201d jest wsp\u00f3\u0142finansowany ze \u015brodk\u00f3w Europejskiego Funduszu Rozwoju Regionalnego w ramach Programu Operacyjnego Polska Cyfrowa (dzia\u0142anie 3.2 \u201eInnowacyjne rozwi\u0105zania na rzecz aktywizacji cyfrowej\u201d).<\/p>\n\n\n\n<p><\/p>\n<\/div><\/div>\n\n\n\n<p><\/p>\n<\/div><\/div>","protected":false},"excerpt":{"rendered":"<p>Warsztaty \" Kompetencje medialne\" w ramach projektu Sie\u0107 na kultur\u0119 to niesamowita dawka niezb\u0119dnej wiedzy, dotycz\u0105cej umiej\u0119tno\u015bci pos\u0142ugiwania si\u0119 najnowszymi technologiami, tw\u00f3rczego wykorzystania informacji oraz szeroko poj\u0119tego cyfrowego rozwoju. Tre\u015bci przekazane podczas szkolenia b\u0119d\u0105 dostosowane do wieku uczestnik\u00f3w, tak aby ka\u017cde dziecko mog\u0142o samodzielne pozna\u0107 poszczeg\u00f3lne umiej\u0119tno\u015bci dotycz\u0105ce poruszania si\u0119 w sieci. Warsztaty r\u00f3wnie\u017c przybli\u017c\u0105 ... <a title=\"Warsztaty ,,Kompetencje Medialne&quot; dla dzieci i m\u0142odzie\u017cy\" class=\"read-more\" href=\"http:\/\/gbp.podedworze.pl\/index.php\/2021\/07\/21\/warsztaty-kompetencje-medialne-dla-dzieci-i-mlodziezy\/\" aria-label=\"Read more about Warsztaty ,,Kompetencje Medialne&quot; dla dzieci i m\u0142odzie\u017cy\">Dowiedz si\u0119 wi\u0119cej<\/a><\/p>\n","protected":false},"author":5,"featured_media":0,"comment_status":"open","ping_status":"open","sticky":false,"template":"","format":"standard","meta":{"_monsterinsights_skip_tracking":false,"_monsterinsights_sitenote_active":false,"_monsterinsights_sitenote_note":"","_monsterinsights_sitenote_category":0,"footnotes":""},"categories":[1],"tags":[],"class_list":["post-1497","post","type-post","status-publish","format-standard","hentry","category-bez-kategorii"],"yoast_head":"<!-- This site is optimized with the Yoast SEO plugin v24.3 - https:\/\/yoast.com\/wordpress\/plugins\/seo\/ -->\n<title>Warsztaty ,,Kompetencje Medialne&quot; dla dzieci i m\u0142odzie\u017cy -<\/title>\n<meta name=\"robots\" content=\"index, follow, max-snippet:-1, max-image-preview:large, max-video-preview:-1\" \/>\n<link rel=\"canonical\" href=\"http:\/\/gbp.podedworze.pl\/index.php\/2021\/07\/21\/warsztaty-kompetencje-medialne-dla-dzieci-i-mlodziezy\/\" \/>\n<meta property=\"og:locale\" content=\"pl_PL\" \/>\n<meta property=\"og:type\" content=\"article\" \/>\n<meta property=\"og:title\" content=\"Warsztaty ,,Kompetencje Medialne&quot; dla dzieci i m\u0142odzie\u017cy\" \/>\n<meta property=\"og:description\" content=\"Warsztaty s\u0105 ca\u0142kowicie bezp\u0142atne odbywaj\u0105 si\u0119 w Bibliotece od 04.08.2021 do 09.08.2021 Wi\u0119cej informacji mo\u017cna uzyska\u0107 pod numerem 690 482 252\" \/>\n<meta property=\"og:url\" content=\"http:\/\/gbp.podedworze.pl\/index.php\/2021\/07\/21\/warsztaty-kompetencje-medialne-dla-dzieci-i-mlodziezy\/\" \/>\n<meta property=\"article:publisher\" content=\"https:\/\/www.facebook.com\/GBPwPodedworzu\" \/>\n<meta property=\"article:published_time\" content=\"2021-07-21T07:46:55+00:00\" \/>\n<meta property=\"article:modified_time\" content=\"2021-09-07T09:31:00+00:00\" \/>\n<meta property=\"og:image\" content=\"http:\/\/gbp.podedworze.pl\/wp-content\/uploads\/2021\/07\/unnamed-e1626854010320.jpg\" \/>\n\t<meta property=\"og:image:width\" content=\"416\" \/>\n\t<meta property=\"og:image:height\" content=\"332\" \/>\n\t<meta property=\"og:image:type\" content=\"image\/jpeg\" \/>\n<meta name=\"author\" content=\"Agnieszka Juchno\" \/>\n<meta name=\"twitter:card\" content=\"summary_large_image\" \/>\n<meta name=\"twitter:label1\" content=\"Napisane przez\" \/>\n\t<meta name=\"twitter:data1\" content=\"Agnieszka Juchno\" \/>\n\t<meta name=\"twitter:label2\" content=\"Szacowany czas czytania\" \/>\n\t<meta name=\"twitter:data2\" content=\"1 minuta\" \/>\n<script type=\"application\/ld+json\" class=\"yoast-schema-graph\">{\"@context\":\"https:\/\/schema.org\",\"@graph\":[{\"@type\":\"Article\",\"@id\":\"http:\/\/gbp.podedworze.pl\/index.php\/2021\/07\/21\/warsztaty-kompetencje-medialne-dla-dzieci-i-mlodziezy\/#article\",\"isPartOf\":{\"@id\":\"http:\/\/gbp.podedworze.pl\/index.php\/2021\/07\/21\/warsztaty-kompetencje-medialne-dla-dzieci-i-mlodziezy\/\"},\"author\":{\"name\":\"Agnieszka Juchno\",\"@id\":\"http:\/\/gbp.podedworze.pl\/#\/schema\/person\/2a7b643e59701c61235471a041776408\"},\"headline\":\"Warsztaty ,,Kompetencje Medialne\\\" dla dzieci i m\u0142odzie\u017cy\",\"datePublished\":\"2021-07-21T07:46:55+00:00\",\"dateModified\":\"2021-09-07T09:31:00+00:00\",\"mainEntityOfPage\":{\"@id\":\"http:\/\/gbp.podedworze.pl\/index.php\/2021\/07\/21\/warsztaty-kompetencje-medialne-dla-dzieci-i-mlodziezy\/\"},\"wordCount\":155,\"commentCount\":0,\"publisher\":{\"@id\":\"http:\/\/gbp.podedworze.pl\/#organization\"},\"image\":{\"@id\":\"http:\/\/gbp.podedworze.pl\/index.php\/2021\/07\/21\/warsztaty-kompetencje-medialne-dla-dzieci-i-mlodziezy\/#primaryimage\"},\"thumbnailUrl\":\"http:\/\/gbp.podedworze.pl\/wp-content\/uploads\/2021\/07\/logo-siec-na-kulture.jpg\",\"inLanguage\":\"pl-PL\"},{\"@type\":\"WebPage\",\"@id\":\"http:\/\/gbp.podedworze.pl\/index.php\/2021\/07\/21\/warsztaty-kompetencje-medialne-dla-dzieci-i-mlodziezy\/\",\"url\":\"http:\/\/gbp.podedworze.pl\/index.php\/2021\/07\/21\/warsztaty-kompetencje-medialne-dla-dzieci-i-mlodziezy\/\",\"name\":\"Warsztaty ,,Kompetencje Medialne\\\" dla dzieci i m\u0142odzie\u017cy -\",\"isPartOf\":{\"@id\":\"http:\/\/gbp.podedworze.pl\/#website\"},\"primaryImageOfPage\":{\"@id\":\"http:\/\/gbp.podedworze.pl\/index.php\/2021\/07\/21\/warsztaty-kompetencje-medialne-dla-dzieci-i-mlodziezy\/#primaryimage\"},\"image\":{\"@id\":\"http:\/\/gbp.podedworze.pl\/index.php\/2021\/07\/21\/warsztaty-kompetencje-medialne-dla-dzieci-i-mlodziezy\/#primaryimage\"},\"thumbnailUrl\":\"http:\/\/gbp.podedworze.pl\/wp-content\/uploads\/2021\/07\/logo-siec-na-kulture.jpg\",\"datePublished\":\"2021-07-21T07:46:55+00:00\",\"dateModified\":\"2021-09-07T09:31:00+00:00\",\"breadcrumb\":{\"@id\":\"http:\/\/gbp.podedworze.pl\/index.php\/2021\/07\/21\/warsztaty-kompetencje-medialne-dla-dzieci-i-mlodziezy\/#breadcrumb\"},\"inLanguage\":\"pl-PL\",\"potentialAction\":[{\"@type\":\"ReadAction\",\"target\":[\"http:\/\/gbp.podedworze.pl\/index.php\/2021\/07\/21\/warsztaty-kompetencje-medialne-dla-dzieci-i-mlodziezy\/\"]}]},{\"@type\":\"ImageObject\",\"inLanguage\":\"pl-PL\",\"@id\":\"http:\/\/gbp.podedworze.pl\/index.php\/2021\/07\/21\/warsztaty-kompetencje-medialne-dla-dzieci-i-mlodziezy\/#primaryimage\",\"url\":\"http:\/\/gbp.podedworze.pl\/wp-content\/uploads\/2021\/07\/logo-siec-na-kulture.jpg\",\"contentUrl\":\"http:\/\/gbp.podedworze.pl\/wp-content\/uploads\/2021\/07\/logo-siec-na-kulture.jpg\",\"width\":507,\"height\":192},{\"@type\":\"BreadcrumbList\",\"@id\":\"http:\/\/gbp.podedworze.pl\/index.php\/2021\/07\/21\/warsztaty-kompetencje-medialne-dla-dzieci-i-mlodziezy\/#breadcrumb\",\"itemListElement\":[{\"@type\":\"ListItem\",\"position\":1,\"name\":\"Strona g\u0142\u00f3wna\",\"item\":\"http:\/\/gbp.podedworze.pl\/\"},{\"@type\":\"ListItem\",\"position\":2,\"name\":\"Warsztaty ,,Kompetencje Medialne\\\" dla dzieci i m\u0142odzie\u017cy\"}]},{\"@type\":\"WebSite\",\"@id\":\"http:\/\/gbp.podedworze.pl\/#website\",\"url\":\"http:\/\/gbp.podedworze.pl\/\",\"name\":\"GMINNA BIBLIOTEKA PUBLICZNA W PODEDW\u00d3RZU\",\"description\":\"\",\"publisher\":{\"@id\":\"http:\/\/gbp.podedworze.pl\/#organization\"},\"potentialAction\":[{\"@type\":\"SearchAction\",\"target\":{\"@type\":\"EntryPoint\",\"urlTemplate\":\"http:\/\/gbp.podedworze.pl\/?s={search_term_string}\"},\"query-input\":{\"@type\":\"PropertyValueSpecification\",\"valueRequired\":true,\"valueName\":\"search_term_string\"}}],\"inLanguage\":\"pl-PL\"},{\"@type\":\"Organization\",\"@id\":\"http:\/\/gbp.podedworze.pl\/#organization\",\"name\":\"Gminna Biblioteka Publiczna w Podedw\u00f3rzu\",\"url\":\"http:\/\/gbp.podedworze.pl\/\",\"logo\":{\"@type\":\"ImageObject\",\"inLanguage\":\"pl-PL\",\"@id\":\"http:\/\/gbp.podedworze.pl\/#\/schema\/logo\/image\/\",\"url\":\"http:\/\/gbp.podedworze.pl\/wp-content\/uploads\/2020\/06\/logo.png\",\"contentUrl\":\"http:\/\/gbp.podedworze.pl\/wp-content\/uploads\/2020\/06\/logo.png\",\"width\":500,\"height\":500,\"caption\":\"Gminna Biblioteka Publiczna w Podedw\u00f3rzu\"},\"image\":{\"@id\":\"http:\/\/gbp.podedworze.pl\/#\/schema\/logo\/image\/\"},\"sameAs\":[\"https:\/\/www.facebook.com\/GBPwPodedworzu\"]},{\"@type\":\"Person\",\"@id\":\"http:\/\/gbp.podedworze.pl\/#\/schema\/person\/2a7b643e59701c61235471a041776408\",\"name\":\"Agnieszka Juchno\",\"image\":{\"@type\":\"ImageObject\",\"inLanguage\":\"pl-PL\",\"@id\":\"http:\/\/gbp.podedworze.pl\/#\/schema\/person\/image\/\",\"url\":\"https:\/\/secure.gravatar.com\/avatar\/649e27e1788d79268446202f1375dce9?s=96&d=mm&r=g\",\"contentUrl\":\"https:\/\/secure.gravatar.com\/avatar\/649e27e1788d79268446202f1375dce9?s=96&d=mm&r=g\",\"caption\":\"Agnieszka Juchno\"},\"sameAs\":[\"http:\/\/gbp.podedworze.pl\"],\"url\":\"http:\/\/gbp.podedworze.pl\/index.php\/author\/agnieszka\/\"}]}<\/script>\n<!-- \/ Yoast SEO plugin. -->","yoast_head_json":{"title":"Warsztaty ,,Kompetencje Medialne\" dla dzieci i m\u0142odzie\u017cy -","robots":{"index":"index","follow":"follow","max-snippet":"max-snippet:-1","max-image-preview":"max-image-preview:large","max-video-preview":"max-video-preview:-1"},"canonical":"http:\/\/gbp.podedworze.pl\/index.php\/2021\/07\/21\/warsztaty-kompetencje-medialne-dla-dzieci-i-mlodziezy\/","og_locale":"pl_PL","og_type":"article","og_title":"Warsztaty ,,Kompetencje Medialne\" dla dzieci i m\u0142odzie\u017cy","og_description":"Warsztaty s\u0105 ca\u0142kowicie bezp\u0142atne odbywaj\u0105 si\u0119 w Bibliotece od 04.08.2021 do 09.08.2021 Wi\u0119cej informacji mo\u017cna uzyska\u0107 pod numerem 690 482 252","og_url":"http:\/\/gbp.podedworze.pl\/index.php\/2021\/07\/21\/warsztaty-kompetencje-medialne-dla-dzieci-i-mlodziezy\/","article_publisher":"https:\/\/www.facebook.com\/GBPwPodedworzu","article_published_time":"2021-07-21T07:46:55+00:00","article_modified_time":"2021-09-07T09:31:00+00:00","og_image":[{"width":416,"height":332,"url":"http:\/\/gbp.podedworze.pl\/wp-content\/uploads\/2021\/07\/unnamed-e1626854010320.jpg","type":"image\/jpeg"}],"author":"Agnieszka Juchno","twitter_card":"summary_large_image","twitter_misc":{"Napisane przez":"Agnieszka Juchno","Szacowany czas czytania":"1 minuta"},"schema":{"@context":"https:\/\/schema.org","@graph":[{"@type":"Article","@id":"http:\/\/gbp.podedworze.pl\/index.php\/2021\/07\/21\/warsztaty-kompetencje-medialne-dla-dzieci-i-mlodziezy\/#article","isPartOf":{"@id":"http:\/\/gbp.podedworze.pl\/index.php\/2021\/07\/21\/warsztaty-kompetencje-medialne-dla-dzieci-i-mlodziezy\/"},"author":{"name":"Agnieszka Juchno","@id":"http:\/\/gbp.podedworze.pl\/#\/schema\/person\/2a7b643e59701c61235471a041776408"},"headline":"Warsztaty ,,Kompetencje Medialne\" dla dzieci i m\u0142odzie\u017cy","datePublished":"2021-07-21T07:46:55+00:00","dateModified":"2021-09-07T09:31:00+00:00","mainEntityOfPage":{"@id":"http:\/\/gbp.podedworze.pl\/index.php\/2021\/07\/21\/warsztaty-kompetencje-medialne-dla-dzieci-i-mlodziezy\/"},"wordCount":155,"commentCount":0,"publisher":{"@id":"http:\/\/gbp.podedworze.pl\/#organization"},"image":{"@id":"http:\/\/gbp.podedworze.pl\/index.php\/2021\/07\/21\/warsztaty-kompetencje-medialne-dla-dzieci-i-mlodziezy\/#primaryimage"},"thumbnailUrl":"http:\/\/gbp.podedworze.pl\/wp-content\/uploads\/2021\/07\/logo-siec-na-kulture.jpg","inLanguage":"pl-PL"},{"@type":"WebPage","@id":"http:\/\/gbp.podedworze.pl\/index.php\/2021\/07\/21\/warsztaty-kompetencje-medialne-dla-dzieci-i-mlodziezy\/","url":"http:\/\/gbp.podedworze.pl\/index.php\/2021\/07\/21\/warsztaty-kompetencje-medialne-dla-dzieci-i-mlodziezy\/","name":"Warsztaty ,,Kompetencje Medialne\" dla dzieci i m\u0142odzie\u017cy -","isPartOf":{"@id":"http:\/\/gbp.podedworze.pl\/#website"},"primaryImageOfPage":{"@id":"http:\/\/gbp.podedworze.pl\/index.php\/2021\/07\/21\/warsztaty-kompetencje-medialne-dla-dzieci-i-mlodziezy\/#primaryimage"},"image":{"@id":"http:\/\/gbp.podedworze.pl\/index.php\/2021\/07\/21\/warsztaty-kompetencje-medialne-dla-dzieci-i-mlodziezy\/#primaryimage"},"thumbnailUrl":"http:\/\/gbp.podedworze.pl\/wp-content\/uploads\/2021\/07\/logo-siec-na-kulture.jpg","datePublished":"2021-07-21T07:46:55+00:00","dateModified":"2021-09-07T09:31:00+00:00","breadcrumb":{"@id":"http:\/\/gbp.podedworze.pl\/index.php\/2021\/07\/21\/warsztaty-kompetencje-medialne-dla-dzieci-i-mlodziezy\/#breadcrumb"},"inLanguage":"pl-PL","potentialAction":[{"@type":"ReadAction","target":["http:\/\/gbp.podedworze.pl\/index.php\/2021\/07\/21\/warsztaty-kompetencje-medialne-dla-dzieci-i-mlodziezy\/"]}]},{"@type":"ImageObject","inLanguage":"pl-PL","@id":"http:\/\/gbp.podedworze.pl\/index.php\/2021\/07\/21\/warsztaty-kompetencje-medialne-dla-dzieci-i-mlodziezy\/#primaryimage","url":"http:\/\/gbp.podedworze.pl\/wp-content\/uploads\/2021\/07\/logo-siec-na-kulture.jpg","contentUrl":"http:\/\/gbp.podedworze.pl\/wp-content\/uploads\/2021\/07\/logo-siec-na-kulture.jpg","width":507,"height":192},{"@type":"BreadcrumbList","@id":"http:\/\/gbp.podedworze.pl\/index.php\/2021\/07\/21\/warsztaty-kompetencje-medialne-dla-dzieci-i-mlodziezy\/#breadcrumb","itemListElement":[{"@type":"ListItem","position":1,"name":"Strona g\u0142\u00f3wna","item":"http:\/\/gbp.podedworze.pl\/"},{"@type":"ListItem","position":2,"name":"Warsztaty ,,Kompetencje Medialne\" dla dzieci i m\u0142odzie\u017cy"}]},{"@type":"WebSite","@id":"http:\/\/gbp.podedworze.pl\/#website","url":"http:\/\/gbp.podedworze.pl\/","name":"GMINNA BIBLIOTEKA PUBLICZNA W PODEDW\u00d3RZU","description":"","publisher":{"@id":"http:\/\/gbp.podedworze.pl\/#organization"},"potentialAction":[{"@type":"SearchAction","target":{"@type":"EntryPoint","urlTemplate":"http:\/\/gbp.podedworze.pl\/?s={search_term_string}"},"query-input":{"@type":"PropertyValueSpecification","valueRequired":true,"valueName":"search_term_string"}}],"inLanguage":"pl-PL"},{"@type":"Organization","@id":"http:\/\/gbp.podedworze.pl\/#organization","name":"Gminna Biblioteka Publiczna w Podedw\u00f3rzu","url":"http:\/\/gbp.podedworze.pl\/","logo":{"@type":"ImageObject","inLanguage":"pl-PL","@id":"http:\/\/gbp.podedworze.pl\/#\/schema\/logo\/image\/","url":"http:\/\/gbp.podedworze.pl\/wp-content\/uploads\/2020\/06\/logo.png","contentUrl":"http:\/\/gbp.podedworze.pl\/wp-content\/uploads\/2020\/06\/logo.png","width":500,"height":500,"caption":"Gminna Biblioteka Publiczna w Podedw\u00f3rzu"},"image":{"@id":"http:\/\/gbp.podedworze.pl\/#\/schema\/logo\/image\/"},"sameAs":["https:\/\/www.facebook.com\/GBPwPodedworzu"]},{"@type":"Person","@id":"http:\/\/gbp.podedworze.pl\/#\/schema\/person\/2a7b643e59701c61235471a041776408","name":"Agnieszka Juchno","image":{"@type":"ImageObject","inLanguage":"pl-PL","@id":"http:\/\/gbp.podedworze.pl\/#\/schema\/person\/image\/","url":"https:\/\/secure.gravatar.com\/avatar\/649e27e1788d79268446202f1375dce9?s=96&d=mm&r=g","contentUrl":"https:\/\/secure.gravatar.com\/avatar\/649e27e1788d79268446202f1375dce9?s=96&d=mm&r=g","caption":"Agnieszka Juchno"},"sameAs":["http:\/\/gbp.podedworze.pl"],"url":"http:\/\/gbp.podedworze.pl\/index.php\/author\/agnieszka\/"}]}},"_links":{"self":[{"href":"http:\/\/gbp.podedworze.pl\/index.php\/wp-json\/wp\/v2\/posts\/1497","targetHints":{"allow":["GET"]}}],"collection":[{"href":"http:\/\/gbp.podedworze.pl\/index.php\/wp-json\/wp\/v2\/posts"}],"about":[{"href":"http:\/\/gbp.podedworze.pl\/index.php\/wp-json\/wp\/v2\/types\/post"}],"author":[{"embeddable":true,"href":"http:\/\/gbp.podedworze.pl\/index.php\/wp-json\/wp\/v2\/users\/5"}],"replies":[{"embeddable":true,"href":"http:\/\/gbp.podedworze.pl\/index.php\/wp-json\/wp\/v2\/comments?post=1497"}],"version-history":[{"count":3,"href":"http:\/\/gbp.podedworze.pl\/index.php\/wp-json\/wp\/v2\/posts\/1497\/revisions"}],"predecessor-version":[{"id":1503,"href":"http:\/\/gbp.podedworze.pl\/index.php\/wp-json\/wp\/v2\/posts\/1497\/revisions\/1503"}],"wp:attachment":[{"href":"http:\/\/gbp.podedworze.pl\/index.php\/wp-json\/wp\/v2\/media?parent=1497"}],"wp:term":[{"taxonomy":"category","embeddable":true,"href":"http:\/\/gbp.podedworze.pl\/index.php\/wp-json\/wp\/v2\/categories?post=1497"},{"taxonomy":"post_tag","embeddable":true,"href":"http:\/\/gbp.podedworze.pl\/index.php\/wp-json\/wp\/v2\/tags?post=1497"}],"curies":[{"name":"wp","href":"https:\/\/api.w.org\/{rel}","templated":true}]}}