{"id":1161,"date":"2021-06-01T08:13:00","date_gmt":"2021-06-01T06:13:00","guid":{"rendered":"http:\/\/gbp.podedworze.pl\/?p=1161"},"modified":"2021-06-01T09:10:47","modified_gmt":"2021-06-01T07:10:47","slug":"dzien-dziecka-cala-polska-czyta-dzieciom","status":"publish","type":"post","link":"http:\/\/gbp.podedworze.pl\/index.php\/2021\/06\/01\/dzien-dziecka-cala-polska-czyta-dzieciom\/","title":{"rendered":"Ca\u0142a Polska Czyta Dzieciom z okazji Dnia Dziecka"},"content":{"rendered":"<div id=\"dslc-theme-content\"><div id=\"dslc-theme-content-inner\">\t\t<div data-elementor-type=\"wp-post\" data-elementor-id=\"1161\" class=\"elementor elementor-1161\">\n\t\t\t\t\t\t<section class=\"elementor-section elementor-top-section elementor-element elementor-element-8d913f5 elementor-section-boxed elementor-section-height-default elementor-section-height-default\" data-id=\"8d913f5\" data-element_type=\"section\">\n\t\t\t\t\t\t<div class=\"elementor-container elementor-column-gap-default\">\n\t\t\t\t\t<div class=\"elementor-column elementor-col-100 elementor-top-column elementor-element elementor-element-eac91af\" data-id=\"eac91af\" data-element_type=\"column\">\n\t\t\t<div class=\"elementor-widget-wrap elementor-element-populated\">\n\t\t\t\t\t\t<div class=\"elementor-element elementor-element-0adb27d elementor-widget elementor-widget-image\" data-id=\"0adb27d\" data-element_type=\"widget\" data-widget_type=\"image.default\">\n\t\t\t\t<div class=\"elementor-widget-container\">\n\t\t\t\t\t\t\t\t\t\t\t\t\t\t\t<img fetchpriority=\"high\" decoding=\"async\" width=\"2000\" height=\"1600\" src=\"http:\/\/gbp.podedworze.pl\/wp-content\/uploads\/2021\/05\/Pastelowa-Tematyczna-Naturalne-Rosliny-Nastroj-Tablica.jpg\" class=\"attachment-large size-large wp-image-1164\" alt=\"Dzie\u0144 Dziecka 2021\" srcset=\"http:\/\/gbp.podedworze.pl\/wp-content\/uploads\/2021\/05\/Pastelowa-Tematyczna-Naturalne-Rosliny-Nastroj-Tablica.jpg 2000w, http:\/\/gbp.podedworze.pl\/wp-content\/uploads\/2021\/05\/Pastelowa-Tematyczna-Naturalne-Rosliny-Nastroj-Tablica-768x614.jpg 768w, http:\/\/gbp.podedworze.pl\/wp-content\/uploads\/2021\/05\/Pastelowa-Tematyczna-Naturalne-Rosliny-Nastroj-Tablica-1536x1229.jpg 1536w\" sizes=\"(max-width: 2000px) 100vw, 2000px\" \/>\t\t\t\t\t\t\t\t\t\t\t\t\t\t\t<\/div>\n\t\t\t\t<\/div>\n\t\t\t\t\t<\/div>\n\t\t<\/div>\n\t\t\t\t\t<\/div>\n\t\t<\/section>\n\t\t\t\t<section class=\"elementor-section elementor-top-section elementor-element elementor-element-1439487 elementor-section-boxed elementor-section-height-default elementor-section-height-default\" data-id=\"1439487\" data-element_type=\"section\">\n\t\t\t\t\t\t<div class=\"elementor-container elementor-column-gap-default\">\n\t\t\t\t\t<div class=\"elementor-column elementor-col-100 elementor-top-column elementor-element elementor-element-2f3cc87\" data-id=\"2f3cc87\" data-element_type=\"column\">\n\t\t\t<div class=\"elementor-widget-wrap elementor-element-populated\">\n\t\t\t\t\t\t<div class=\"elementor-element elementor-element-5f5bc8b elementor-widget elementor-widget-text-editor\" data-id=\"5f5bc8b\" data-element_type=\"widget\" data-widget_type=\"text-editor.default\">\n\t\t\t\t<div class=\"elementor-widget-container\">\n\t\t\t\t\t\t\t\t\t<h3><strong><span class=\"d2edcug0 hpfvmrgz qv66sw1b c1et5uql lr9zc1uh a8c37x1j keod5gw0 nxhoafnm aigsh9s9 d3f4x2em fe6kdd0r mau55g9w c8b282yb iv3no6db jq4qci2q a3bd9o3v knj5qynh oo9gr5id hzawbc8m\" dir=\"auto\">Z okazji XX Og\u00f3lnopolskiego Tygodnia Czytania Dzieciom i Dnia Dziecka zakupili\u015bmy ponad 50 pozycji literatury dzieci\u0119cej. <br><\/span><\/strong><\/h3>\n<h4>J\u0119zyk jest podstawowym narz\u0119dziem komunikacji z lud\u017ami i zdobywania wiedzy. Zanim dzieci zaczn\u0105 pos\u0142ugiwa\u0107 si\u0119 j\u0119zykiem powinny dobrze os\u0142ucha\u0107 si\u0119 z poprawn\u0105 form\u0105 m\u00f3wion\u0105. Pierwszy okres \u017cycia to najwa\u017cniejszy czas na nauk\u0119 mowy. Dlatego zach\u0119camy wszystkich rodzic\u00f3w do regularnego czytania najm\u0142odszym. Codzienne oddawanie si\u0119 lekturze sprzyja budowie mocnej wi\u0119zi, kt\u00f3ra jest najwa\u017cniejszym czynnikiem chroni\u0105cym i wspieraj\u0105cym wszechstronny rozw\u00f3j najm\u0142odszych.<\/h4>\n<h4>Z okazji Dnia Dziecka do naszej Biblioteki zakupili\u015bmy ksi\u0105\u017cki buduj\u0105ce pewno\u015b\u0107 siebie i kszta\u0142tuj\u0105ce zdrowy rozw\u00f3j dzieci z wydawnictwa ,,Mamania\" , ,, Dwie Siostry\" i ,,Tatarak\" . W naszym ksi\u0119gozbiorze znajdziecie r\u00f3wnie\u017c&nbsp; popularne ksi\u0105\u017cki takie jak ,,Kicia Kocia\" , ,,\u015awinka Peppa\" i oczywi\u015bcie ,, Pucio\". Dla starszych dzieci posiadamy seri\u0119 ,,Czytam Sobie\" , kt\u00f3ra jest trzypoziomowym programem wspieraj\u0105cym nauk\u0119 czytania dla dzieci w wieku 5-7 lat.&nbsp; Bogaty zbi\u00f3r literatury fantastycznej, m\u0142odzie\u017cowej i komiks\u00f3w zach\u0119ci ka\u017cdego nastolatka do regularnego czytania.<\/h4>\n<p>Dyrektor Gminnej Biblioteki Publicznej w Podedw\u00f3rzu wraz z Pracownikami \u017cyczy wszystkim dzieciom u\u015bmiechu i rado\u015bci ka\u017cdego dnia, spe\u0142nienia dzieci\u0119cych marze\u0144, a rodzicom i opiekunom jak najwi\u0119cej czasu sp\u0119dzonego z dzie\u0107mi.<\/p>\t\t\t\t\t\t\t\t<\/div>\n\t\t\t\t<\/div>\n\t\t\t\t\t<\/div>\n\t\t<\/div>\n\t\t\t\t\t<\/div>\n\t\t<\/section>\n\t\t\t\t<\/div>\n\t\t<\/div><\/div>","protected":false},"excerpt":{"rendered":"<p>Z okazji XX Og\u00f3lnopolskiego Tygodnia Czytania Dzieciom i Dnia Dziecka zakupili\u015bmy ponad 50 pozycji literatury dzieci\u0119cej. J\u0119zyk jest podstawowym narz\u0119dziem komunikacji z lud\u017ami i zdobywania wiedzy. Zanim dzieci zaczn\u0105 pos\u0142ugiwa\u0107 si\u0119 j\u0119zykiem powinny dobrze os\u0142ucha\u0107 si\u0119 z poprawn\u0105 form\u0105 m\u00f3wion\u0105. Pierwszy okres \u017cycia to najwa\u017cniejszy czas na nauk\u0119 mowy. Dlatego zach\u0119camy wszystkich rodzic\u00f3w do regularnego ... <a title=\"Ca\u0142a Polska Czyta Dzieciom z okazji Dnia Dziecka\" class=\"read-more\" href=\"http:\/\/gbp.podedworze.pl\/index.php\/2021\/06\/01\/dzien-dziecka-cala-polska-czyta-dzieciom\/\" aria-label=\"Read more about Ca\u0142a Polska Czyta Dzieciom z okazji Dnia Dziecka\">Dowiedz si\u0119 wi\u0119cej<\/a><\/p>\n","protected":false},"author":5,"featured_media":0,"comment_status":"open","ping_status":"open","sticky":false,"template":"","format":"standard","meta":{"_monsterinsights_skip_tracking":false,"_monsterinsights_sitenote_active":false,"_monsterinsights_sitenote_note":"","_monsterinsights_sitenote_category":0,"footnotes":""},"categories":[27],"tags":[71,72,75],"class_list":["post-1161","post","type-post","status-publish","format-standard","hentry","category-dla-czytelnika","tag-cala_polska_czyta_dzieciom","tag-cpcd","tag-dzien_dziecka"],"yoast_head":"<!-- This site is optimized with the Yoast SEO plugin v24.3 - https:\/\/yoast.com\/wordpress\/plugins\/seo\/ -->\n<title>Ca\u0142a Polska Czyta Dzieciom z okazji Dnia Dziecka -<\/title>\n<meta name=\"robots\" content=\"index, follow, max-snippet:-1, max-image-preview:large, max-video-preview:-1\" \/>\n<link rel=\"canonical\" href=\"http:\/\/gbp.podedworze.pl\/index.php\/2021\/06\/01\/dzien-dziecka-cala-polska-czyta-dzieciom\/\" \/>\n<meta property=\"og:locale\" content=\"pl_PL\" \/>\n<meta property=\"og:type\" content=\"article\" \/>\n<meta property=\"og:title\" content=\"Ca\u0142a Polska Czyta Dzieciom z okazji Dnia Dziecka\" \/>\n<meta property=\"og:description\" content=\"Z okazji XX Og\u00f3lnopolskiego Tygodnia Czytania Dzieciom i Dnia Dziecka zakupili\u015bmy ponad 50 pozycji literatury dzieci\u0119cej. J\u0119zyk jest podstawowym narz\u0119dziem komunikacji z lud\u017ami i zdobywania wiedzy. Zanim dzieci zaczn\u0105 pos\u0142ugiwa\u0107 si\u0119 j\u0119zykiem powinny dobrze os\u0142ucha\u0107 si\u0119 z poprawn\u0105 form\u0105 m\u00f3wion\u0105. Pierwszy okres \u017cycia to najwa\u017cniejszy czas na nauk\u0119 mowy. Dlatego zach\u0119camy wszystkich rodzic\u00f3w do regularnego ... Dowiedz si\u0119 wi\u0119cej\" \/>\n<meta property=\"og:url\" content=\"http:\/\/gbp.podedworze.pl\/index.php\/2021\/06\/01\/dzien-dziecka-cala-polska-czyta-dzieciom\/\" \/>\n<meta property=\"article:publisher\" content=\"https:\/\/www.facebook.com\/GBPwPodedworzu\" \/>\n<meta property=\"article:published_time\" content=\"2021-06-01T06:13:00+00:00\" \/>\n<meta property=\"article:modified_time\" content=\"2021-06-01T07:10:47+00:00\" \/>\n<meta property=\"og:image\" content=\"http:\/\/gbp.podedworze.pl\/wp-content\/uploads\/2021\/05\/Pastelowa-Tematyczna-Naturalne-Rosliny-Nastroj-Tablica.jpg\" \/>\n\t<meta property=\"og:image:width\" content=\"2000\" \/>\n\t<meta property=\"og:image:height\" content=\"1600\" \/>\n\t<meta property=\"og:image:type\" content=\"image\/jpeg\" \/>\n<meta name=\"author\" content=\"Agnieszka Juchno\" \/>\n<meta name=\"twitter:card\" content=\"summary_large_image\" \/>\n<meta name=\"twitter:label1\" content=\"Napisane przez\" \/>\n\t<meta name=\"twitter:data1\" content=\"Agnieszka Juchno\" \/>\n\t<meta name=\"twitter:label2\" content=\"Szacowany czas czytania\" \/>\n\t<meta name=\"twitter:data2\" content=\"1 minuta\" \/>\n<script type=\"application\/ld+json\" class=\"yoast-schema-graph\">{\"@context\":\"https:\/\/schema.org\",\"@graph\":[{\"@type\":\"Article\",\"@id\":\"http:\/\/gbp.podedworze.pl\/index.php\/2021\/06\/01\/dzien-dziecka-cala-polska-czyta-dzieciom\/#article\",\"isPartOf\":{\"@id\":\"http:\/\/gbp.podedworze.pl\/index.php\/2021\/06\/01\/dzien-dziecka-cala-polska-czyta-dzieciom\/\"},\"author\":{\"name\":\"Agnieszka Juchno\",\"@id\":\"http:\/\/gbp.podedworze.pl\/#\/schema\/person\/2a7b643e59701c61235471a041776408\"},\"headline\":\"Ca\u0142a Polska Czyta Dzieciom z okazji Dnia Dziecka\",\"datePublished\":\"2021-06-01T06:13:00+00:00\",\"dateModified\":\"2021-06-01T07:10:47+00:00\",\"mainEntityOfPage\":{\"@id\":\"http:\/\/gbp.podedworze.pl\/index.php\/2021\/06\/01\/dzien-dziecka-cala-polska-czyta-dzieciom\/\"},\"wordCount\":236,\"commentCount\":0,\"publisher\":{\"@id\":\"http:\/\/gbp.podedworze.pl\/#organization\"},\"image\":{\"@id\":\"http:\/\/gbp.podedworze.pl\/index.php\/2021\/06\/01\/dzien-dziecka-cala-polska-czyta-dzieciom\/#primaryimage\"},\"thumbnailUrl\":\"http:\/\/gbp.podedworze.pl\/wp-content\/uploads\/2021\/05\/Pastelowa-Tematyczna-Naturalne-Rosliny-Nastroj-Tablica.jpg\",\"keywords\":[\"Ca\u0142a_Polska_Czyta_Dzieciom\",\"CPCD\",\"dzie\u0144_dziecka\"],\"articleSection\":[\"Dla Czytelnika\"],\"inLanguage\":\"pl-PL\"},{\"@type\":\"WebPage\",\"@id\":\"http:\/\/gbp.podedworze.pl\/index.php\/2021\/06\/01\/dzien-dziecka-cala-polska-czyta-dzieciom\/\",\"url\":\"http:\/\/gbp.podedworze.pl\/index.php\/2021\/06\/01\/dzien-dziecka-cala-polska-czyta-dzieciom\/\",\"name\":\"Ca\u0142a Polska Czyta Dzieciom z okazji Dnia Dziecka -\",\"isPartOf\":{\"@id\":\"http:\/\/gbp.podedworze.pl\/#website\"},\"primaryImageOfPage\":{\"@id\":\"http:\/\/gbp.podedworze.pl\/index.php\/2021\/06\/01\/dzien-dziecka-cala-polska-czyta-dzieciom\/#primaryimage\"},\"image\":{\"@id\":\"http:\/\/gbp.podedworze.pl\/index.php\/2021\/06\/01\/dzien-dziecka-cala-polska-czyta-dzieciom\/#primaryimage\"},\"thumbnailUrl\":\"http:\/\/gbp.podedworze.pl\/wp-content\/uploads\/2021\/05\/Pastelowa-Tematyczna-Naturalne-Rosliny-Nastroj-Tablica.jpg\",\"datePublished\":\"2021-06-01T06:13:00+00:00\",\"dateModified\":\"2021-06-01T07:10:47+00:00\",\"breadcrumb\":{\"@id\":\"http:\/\/gbp.podedworze.pl\/index.php\/2021\/06\/01\/dzien-dziecka-cala-polska-czyta-dzieciom\/#breadcrumb\"},\"inLanguage\":\"pl-PL\",\"potentialAction\":[{\"@type\":\"ReadAction\",\"target\":[\"http:\/\/gbp.podedworze.pl\/index.php\/2021\/06\/01\/dzien-dziecka-cala-polska-czyta-dzieciom\/\"]}]},{\"@type\":\"ImageObject\",\"inLanguage\":\"pl-PL\",\"@id\":\"http:\/\/gbp.podedworze.pl\/index.php\/2021\/06\/01\/dzien-dziecka-cala-polska-czyta-dzieciom\/#primaryimage\",\"url\":\"http:\/\/gbp.podedworze.pl\/wp-content\/uploads\/2021\/05\/Pastelowa-Tematyczna-Naturalne-Rosliny-Nastroj-Tablica.jpg\",\"contentUrl\":\"http:\/\/gbp.podedworze.pl\/wp-content\/uploads\/2021\/05\/Pastelowa-Tematyczna-Naturalne-Rosliny-Nastroj-Tablica.jpg\",\"width\":2000,\"height\":1600,\"caption\":\"Ca\u0142a Polska Czyta Dzieciom Dzie\u0144 Dziecka 2021, na obrazku znajduj\u0105 si\u0119 zdj\u0119cia ksi\u0105\u017cek w tle wida\u0107 zabawki lalki misie itp. z czytelni dla dzieci.\"},{\"@type\":\"BreadcrumbList\",\"@id\":\"http:\/\/gbp.podedworze.pl\/index.php\/2021\/06\/01\/dzien-dziecka-cala-polska-czyta-dzieciom\/#breadcrumb\",\"itemListElement\":[{\"@type\":\"ListItem\",\"position\":1,\"name\":\"Strona g\u0142\u00f3wna\",\"item\":\"http:\/\/gbp.podedworze.pl\/\"},{\"@type\":\"ListItem\",\"position\":2,\"name\":\"Ca\u0142a Polska Czyta Dzieciom z okazji Dnia Dziecka\"}]},{\"@type\":\"WebSite\",\"@id\":\"http:\/\/gbp.podedworze.pl\/#website\",\"url\":\"http:\/\/gbp.podedworze.pl\/\",\"name\":\"GMINNA BIBLIOTEKA PUBLICZNA W PODEDW\u00d3RZU\",\"description\":\"\",\"publisher\":{\"@id\":\"http:\/\/gbp.podedworze.pl\/#organization\"},\"potentialAction\":[{\"@type\":\"SearchAction\",\"target\":{\"@type\":\"EntryPoint\",\"urlTemplate\":\"http:\/\/gbp.podedworze.pl\/?s={search_term_string}\"},\"query-input\":{\"@type\":\"PropertyValueSpecification\",\"valueRequired\":true,\"valueName\":\"search_term_string\"}}],\"inLanguage\":\"pl-PL\"},{\"@type\":\"Organization\",\"@id\":\"http:\/\/gbp.podedworze.pl\/#organization\",\"name\":\"Gminna Biblioteka Publiczna w Podedw\u00f3rzu\",\"url\":\"http:\/\/gbp.podedworze.pl\/\",\"logo\":{\"@type\":\"ImageObject\",\"inLanguage\":\"pl-PL\",\"@id\":\"http:\/\/gbp.podedworze.pl\/#\/schema\/logo\/image\/\",\"url\":\"http:\/\/gbp.podedworze.pl\/wp-content\/uploads\/2020\/06\/logo.png\",\"contentUrl\":\"http:\/\/gbp.podedworze.pl\/wp-content\/uploads\/2020\/06\/logo.png\",\"width\":500,\"height\":500,\"caption\":\"Gminna Biblioteka Publiczna w Podedw\u00f3rzu\"},\"image\":{\"@id\":\"http:\/\/gbp.podedworze.pl\/#\/schema\/logo\/image\/\"},\"sameAs\":[\"https:\/\/www.facebook.com\/GBPwPodedworzu\"]},{\"@type\":\"Person\",\"@id\":\"http:\/\/gbp.podedworze.pl\/#\/schema\/person\/2a7b643e59701c61235471a041776408\",\"name\":\"Agnieszka Juchno\",\"image\":{\"@type\":\"ImageObject\",\"inLanguage\":\"pl-PL\",\"@id\":\"http:\/\/gbp.podedworze.pl\/#\/schema\/person\/image\/\",\"url\":\"https:\/\/secure.gravatar.com\/avatar\/649e27e1788d79268446202f1375dce9?s=96&d=mm&r=g\",\"contentUrl\":\"https:\/\/secure.gravatar.com\/avatar\/649e27e1788d79268446202f1375dce9?s=96&d=mm&r=g\",\"caption\":\"Agnieszka Juchno\"},\"sameAs\":[\"http:\/\/gbp.podedworze.pl\"],\"url\":\"http:\/\/gbp.podedworze.pl\/index.php\/author\/agnieszka\/\"}]}<\/script>\n<!-- \/ Yoast SEO plugin. -->","yoast_head_json":{"title":"Ca\u0142a Polska Czyta Dzieciom z okazji Dnia Dziecka -","robots":{"index":"index","follow":"follow","max-snippet":"max-snippet:-1","max-image-preview":"max-image-preview:large","max-video-preview":"max-video-preview:-1"},"canonical":"http:\/\/gbp.podedworze.pl\/index.php\/2021\/06\/01\/dzien-dziecka-cala-polska-czyta-dzieciom\/","og_locale":"pl_PL","og_type":"article","og_title":"Ca\u0142a Polska Czyta Dzieciom z okazji Dnia Dziecka","og_description":"Z okazji XX Og\u00f3lnopolskiego Tygodnia Czytania Dzieciom i Dnia Dziecka zakupili\u015bmy ponad 50 pozycji literatury dzieci\u0119cej. J\u0119zyk jest podstawowym narz\u0119dziem komunikacji z lud\u017ami i zdobywania wiedzy. Zanim dzieci zaczn\u0105 pos\u0142ugiwa\u0107 si\u0119 j\u0119zykiem powinny dobrze os\u0142ucha\u0107 si\u0119 z poprawn\u0105 form\u0105 m\u00f3wion\u0105. Pierwszy okres \u017cycia to najwa\u017cniejszy czas na nauk\u0119 mowy. Dlatego zach\u0119camy wszystkich rodzic\u00f3w do regularnego ... Dowiedz si\u0119 wi\u0119cej","og_url":"http:\/\/gbp.podedworze.pl\/index.php\/2021\/06\/01\/dzien-dziecka-cala-polska-czyta-dzieciom\/","article_publisher":"https:\/\/www.facebook.com\/GBPwPodedworzu","article_published_time":"2021-06-01T06:13:00+00:00","article_modified_time":"2021-06-01T07:10:47+00:00","og_image":[{"width":2000,"height":1600,"url":"http:\/\/gbp.podedworze.pl\/wp-content\/uploads\/2021\/05\/Pastelowa-Tematyczna-Naturalne-Rosliny-Nastroj-Tablica.jpg","type":"image\/jpeg"}],"author":"Agnieszka Juchno","twitter_card":"summary_large_image","twitter_misc":{"Napisane przez":"Agnieszka Juchno","Szacowany czas czytania":"1 minuta"},"schema":{"@context":"https:\/\/schema.org","@graph":[{"@type":"Article","@id":"http:\/\/gbp.podedworze.pl\/index.php\/2021\/06\/01\/dzien-dziecka-cala-polska-czyta-dzieciom\/#article","isPartOf":{"@id":"http:\/\/gbp.podedworze.pl\/index.php\/2021\/06\/01\/dzien-dziecka-cala-polska-czyta-dzieciom\/"},"author":{"name":"Agnieszka Juchno","@id":"http:\/\/gbp.podedworze.pl\/#\/schema\/person\/2a7b643e59701c61235471a041776408"},"headline":"Ca\u0142a Polska Czyta Dzieciom z okazji Dnia Dziecka","datePublished":"2021-06-01T06:13:00+00:00","dateModified":"2021-06-01T07:10:47+00:00","mainEntityOfPage":{"@id":"http:\/\/gbp.podedworze.pl\/index.php\/2021\/06\/01\/dzien-dziecka-cala-polska-czyta-dzieciom\/"},"wordCount":236,"commentCount":0,"publisher":{"@id":"http:\/\/gbp.podedworze.pl\/#organization"},"image":{"@id":"http:\/\/gbp.podedworze.pl\/index.php\/2021\/06\/01\/dzien-dziecka-cala-polska-czyta-dzieciom\/#primaryimage"},"thumbnailUrl":"http:\/\/gbp.podedworze.pl\/wp-content\/uploads\/2021\/05\/Pastelowa-Tematyczna-Naturalne-Rosliny-Nastroj-Tablica.jpg","keywords":["Ca\u0142a_Polska_Czyta_Dzieciom","CPCD","dzie\u0144_dziecka"],"articleSection":["Dla Czytelnika"],"inLanguage":"pl-PL"},{"@type":"WebPage","@id":"http:\/\/gbp.podedworze.pl\/index.php\/2021\/06\/01\/dzien-dziecka-cala-polska-czyta-dzieciom\/","url":"http:\/\/gbp.podedworze.pl\/index.php\/2021\/06\/01\/dzien-dziecka-cala-polska-czyta-dzieciom\/","name":"Ca\u0142a Polska Czyta Dzieciom z okazji Dnia Dziecka -","isPartOf":{"@id":"http:\/\/gbp.podedworze.pl\/#website"},"primaryImageOfPage":{"@id":"http:\/\/gbp.podedworze.pl\/index.php\/2021\/06\/01\/dzien-dziecka-cala-polska-czyta-dzieciom\/#primaryimage"},"image":{"@id":"http:\/\/gbp.podedworze.pl\/index.php\/2021\/06\/01\/dzien-dziecka-cala-polska-czyta-dzieciom\/#primaryimage"},"thumbnailUrl":"http:\/\/gbp.podedworze.pl\/wp-content\/uploads\/2021\/05\/Pastelowa-Tematyczna-Naturalne-Rosliny-Nastroj-Tablica.jpg","datePublished":"2021-06-01T06:13:00+00:00","dateModified":"2021-06-01T07:10:47+00:00","breadcrumb":{"@id":"http:\/\/gbp.podedworze.pl\/index.php\/2021\/06\/01\/dzien-dziecka-cala-polska-czyta-dzieciom\/#breadcrumb"},"inLanguage":"pl-PL","potentialAction":[{"@type":"ReadAction","target":["http:\/\/gbp.podedworze.pl\/index.php\/2021\/06\/01\/dzien-dziecka-cala-polska-czyta-dzieciom\/"]}]},{"@type":"ImageObject","inLanguage":"pl-PL","@id":"http:\/\/gbp.podedworze.pl\/index.php\/2021\/06\/01\/dzien-dziecka-cala-polska-czyta-dzieciom\/#primaryimage","url":"http:\/\/gbp.podedworze.pl\/wp-content\/uploads\/2021\/05\/Pastelowa-Tematyczna-Naturalne-Rosliny-Nastroj-Tablica.jpg","contentUrl":"http:\/\/gbp.podedworze.pl\/wp-content\/uploads\/2021\/05\/Pastelowa-Tematyczna-Naturalne-Rosliny-Nastroj-Tablica.jpg","width":2000,"height":1600,"caption":"Ca\u0142a Polska Czyta Dzieciom Dzie\u0144 Dziecka 2021, na obrazku znajduj\u0105 si\u0119 zdj\u0119cia ksi\u0105\u017cek w tle wida\u0107 zabawki lalki misie itp. z czytelni dla dzieci."},{"@type":"BreadcrumbList","@id":"http:\/\/gbp.podedworze.pl\/index.php\/2021\/06\/01\/dzien-dziecka-cala-polska-czyta-dzieciom\/#breadcrumb","itemListElement":[{"@type":"ListItem","position":1,"name":"Strona g\u0142\u00f3wna","item":"http:\/\/gbp.podedworze.pl\/"},{"@type":"ListItem","position":2,"name":"Ca\u0142a Polska Czyta Dzieciom z okazji Dnia Dziecka"}]},{"@type":"WebSite","@id":"http:\/\/gbp.podedworze.pl\/#website","url":"http:\/\/gbp.podedworze.pl\/","name":"GMINNA BIBLIOTEKA PUBLICZNA W PODEDW\u00d3RZU","description":"","publisher":{"@id":"http:\/\/gbp.podedworze.pl\/#organization"},"potentialAction":[{"@type":"SearchAction","target":{"@type":"EntryPoint","urlTemplate":"http:\/\/gbp.podedworze.pl\/?s={search_term_string}"},"query-input":{"@type":"PropertyValueSpecification","valueRequired":true,"valueName":"search_term_string"}}],"inLanguage":"pl-PL"},{"@type":"Organization","@id":"http:\/\/gbp.podedworze.pl\/#organization","name":"Gminna Biblioteka Publiczna w Podedw\u00f3rzu","url":"http:\/\/gbp.podedworze.pl\/","logo":{"@type":"ImageObject","inLanguage":"pl-PL","@id":"http:\/\/gbp.podedworze.pl\/#\/schema\/logo\/image\/","url":"http:\/\/gbp.podedworze.pl\/wp-content\/uploads\/2020\/06\/logo.png","contentUrl":"http:\/\/gbp.podedworze.pl\/wp-content\/uploads\/2020\/06\/logo.png","width":500,"height":500,"caption":"Gminna Biblioteka Publiczna w Podedw\u00f3rzu"},"image":{"@id":"http:\/\/gbp.podedworze.pl\/#\/schema\/logo\/image\/"},"sameAs":["https:\/\/www.facebook.com\/GBPwPodedworzu"]},{"@type":"Person","@id":"http:\/\/gbp.podedworze.pl\/#\/schema\/person\/2a7b643e59701c61235471a041776408","name":"Agnieszka Juchno","image":{"@type":"ImageObject","inLanguage":"pl-PL","@id":"http:\/\/gbp.podedworze.pl\/#\/schema\/person\/image\/","url":"https:\/\/secure.gravatar.com\/avatar\/649e27e1788d79268446202f1375dce9?s=96&d=mm&r=g","contentUrl":"https:\/\/secure.gravatar.com\/avatar\/649e27e1788d79268446202f1375dce9?s=96&d=mm&r=g","caption":"Agnieszka Juchno"},"sameAs":["http:\/\/gbp.podedworze.pl"],"url":"http:\/\/gbp.podedworze.pl\/index.php\/author\/agnieszka\/"}]}},"_links":{"self":[{"href":"http:\/\/gbp.podedworze.pl\/index.php\/wp-json\/wp\/v2\/posts\/1161","targetHints":{"allow":["GET"]}}],"collection":[{"href":"http:\/\/gbp.podedworze.pl\/index.php\/wp-json\/wp\/v2\/posts"}],"about":[{"href":"http:\/\/gbp.podedworze.pl\/index.php\/wp-json\/wp\/v2\/types\/post"}],"author":[{"embeddable":true,"href":"http:\/\/gbp.podedworze.pl\/index.php\/wp-json\/wp\/v2\/users\/5"}],"replies":[{"embeddable":true,"href":"http:\/\/gbp.podedworze.pl\/index.php\/wp-json\/wp\/v2\/comments?post=1161"}],"version-history":[{"count":13,"href":"http:\/\/gbp.podedworze.pl\/index.php\/wp-json\/wp\/v2\/posts\/1161\/revisions"}],"predecessor-version":[{"id":1200,"href":"http:\/\/gbp.podedworze.pl\/index.php\/wp-json\/wp\/v2\/posts\/1161\/revisions\/1200"}],"wp:attachment":[{"href":"http:\/\/gbp.podedworze.pl\/index.php\/wp-json\/wp\/v2\/media?parent=1161"}],"wp:term":[{"taxonomy":"category","embeddable":true,"href":"http:\/\/gbp.podedworze.pl\/index.php\/wp-json\/wp\/v2\/categories?post=1161"},{"taxonomy":"post_tag","embeddable":true,"href":"http:\/\/gbp.podedworze.pl\/index.php\/wp-json\/wp\/v2\/tags?post=1161"}],"curies":[{"name":"wp","href":"https:\/\/api.w.org\/{rel}","templated":true}]}}