{"id":1109,"date":"2021-06-14T12:13:09","date_gmt":"2021-06-14T10:13:09","guid":{"rendered":"http:\/\/gbp.podedworze.pl\/?p=1109"},"modified":"2021-06-14T12:37:59","modified_gmt":"2021-06-14T10:37:59","slug":"narodowy-dzien-pamieci-ofiar-niemieckich-nazistowskich-obozow-koncentracyjnych-i-obozow-zaglady","status":"publish","type":"post","link":"http:\/\/gbp.podedworze.pl\/index.php\/2021\/06\/14\/narodowy-dzien-pamieci-ofiar-niemieckich-nazistowskich-obozow-koncentracyjnych-i-obozow-zaglady\/","title":{"rendered":"Narodowy Dzie\u0144 Pami\u0119ci Ofiar Niemieckich Nazistowskich Oboz\u00f3w Koncentracyjnych i Oboz\u00f3w Zag\u0142ady"},"content":{"rendered":"<div id=\"dslc-theme-content\"><div id=\"dslc-theme-content-inner\">\t\t<div data-elementor-type=\"wp-post\" data-elementor-id=\"1109\" class=\"elementor elementor-1109\">\n\t\t\t\t\t\t<section class=\"elementor-section elementor-top-section elementor-element elementor-element-b46a3e3 elementor-section-boxed elementor-section-height-default elementor-section-height-default\" data-id=\"b46a3e3\" data-element_type=\"section\">\n\t\t\t\t\t\t<div class=\"elementor-container elementor-column-gap-default\">\n\t\t\t\t\t<div class=\"elementor-column elementor-col-100 elementor-top-column elementor-element elementor-element-9eea541\" data-id=\"9eea541\" data-element_type=\"column\">\n\t\t\t<div class=\"elementor-widget-wrap elementor-element-populated\">\n\t\t\t\t\t\t<div class=\"elementor-element elementor-element-3f91532 elementor-widget elementor-widget-image\" data-id=\"3f91532\" data-element_type=\"widget\" data-widget_type=\"image.default\">\n\t\t\t\t<div class=\"elementor-widget-container\">\n\t\t\t\t\t\t\t\t\t\t\t\t\t\t\t<img fetchpriority=\"high\" decoding=\"async\" width=\"1747\" height=\"1240\" src=\"http:\/\/gbp.podedworze.pl\/wp-content\/uploads\/2021\/05\/Kwiatowa-Katy-Pogrzeb-Podziekowanie-Kartka1.jpg\" class=\"attachment-large size-large wp-image-1112\" alt=\"Zdj\u0119cia ksi\u0105\u017cek o tematyce II Wojny \u015awiatowej\" srcset=\"http:\/\/gbp.podedworze.pl\/wp-content\/uploads\/2021\/05\/Kwiatowa-Katy-Pogrzeb-Podziekowanie-Kartka1.jpg 1747w, http:\/\/gbp.podedworze.pl\/wp-content\/uploads\/2021\/05\/Kwiatowa-Katy-Pogrzeb-Podziekowanie-Kartka1-768x545.jpg 768w, http:\/\/gbp.podedworze.pl\/wp-content\/uploads\/2021\/05\/Kwiatowa-Katy-Pogrzeb-Podziekowanie-Kartka1-1536x1090.jpg 1536w\" sizes=\"(max-width: 1747px) 100vw, 1747px\" \/>\t\t\t\t\t\t\t\t\t\t\t\t\t\t\t<\/div>\n\t\t\t\t<\/div>\n\t\t\t\t\t<\/div>\n\t\t<\/div>\n\t\t\t\t\t<\/div>\n\t\t<\/section>\n\t\t\t\t<section class=\"elementor-section elementor-top-section elementor-element elementor-element-1925b93 elementor-section-boxed elementor-section-height-default elementor-section-height-default\" data-id=\"1925b93\" data-element_type=\"section\">\n\t\t\t\t\t\t<div class=\"elementor-container elementor-column-gap-default\">\n\t\t\t\t\t<div class=\"elementor-column elementor-col-100 elementor-top-column elementor-element elementor-element-bf89769\" data-id=\"bf89769\" data-element_type=\"column\">\n\t\t\t<div class=\"elementor-widget-wrap elementor-element-populated\">\n\t\t\t\t\t\t<div class=\"elementor-element elementor-element-07d9dd2 elementor-widget elementor-widget-text-editor\" data-id=\"07d9dd2\" data-element_type=\"widget\" data-widget_type=\"text-editor.default\">\n\t\t\t\t<div class=\"elementor-widget-container\">\n\t\t\t\t\t\t\t\t\t<h4 class=\"western\"><span style=\"font-family: Times New Roman, serif;\"><span style=\"font-size: large;\"><strong><span style=\"color: #000000;\">14 czerwca 1940 roku z wi\u0119zienia w Tarnowie Niemcy przetransportowali do obozu w Auschwitz grup\u0119 728 Polak\u00f3w, mi\u0119dzy innymi \u017co\u0142nierzy kampanii wrze\u015bniowej. By\u0142 to pierwszy masowy transport\u00a0 wi\u0119\u017ani\u00f3w do nowo za\u0142o\u017conego obozu. <\/span><\/strong><\/span><\/span><\/h4><h4 class=\"western\" align=\"LEFT\"><strong><span style=\"color: #000000;\"><span style=\"font-family: Times New Roman, serif;\"><span style=\"font-size: large;\">Dzie\u0144 ten uznawany jest za pocz\u0105tek dzia\u0142alno\u015bci obozu koncentracyjnego Auschwitz. <\/span><\/span><\/span><\/strong><\/h4><h4 class=\"western\" align=\"LEFT\"><strong><span style=\"color: #000000;\"><span style=\"font-family: Times New Roman, serif;\"><span style=\"font-size: large;\">Teraz co roku 14 czerwca obchodzimy Narodowy Dzie\u0144 Pami\u0119ci Ofiar Niemieckich Nazistowskich Oboz\u00f3w Koncentracyjnych i Oboz\u00f3w Zag\u0142ady.<\/span><\/span><\/span><\/strong><\/h4><p><strong><span style=\"font-family: Times New Roman, serif;\"><span style=\"font-size: large;\">Literatura obozowa zwi\u0105zana z tematem II Wojny \u015awiatowej cieszy si\u0119 coraz wi\u0119ksz\u0105 popularno\u015bci\u0105. \u201eTatua\u017cysta z Auschwitz\u201d i inne ksi\u0105\u017cki, kt\u00f3rych akcja dzieje si\u0119 w by\u0142ych obozach koncentracyjnych, dominuj\u0105 na szczytach list bestseller\u00f3w. Ale ksi\u0105\u017cki o Auschwitz to szeroka kategoria, w kt\u00f3rej mie\u015bci si\u0119 r\u00f3wnie\u017c literatura pi\u0119kna oraz reporta\u017ce. Nasza Biblioteka posiada wiele pozycji literackich, kt\u00f3re pozwol\u0105 cofn\u0105\u0107 si\u0119 w czasie i do\u015bwiadczy\u0107 brutalno\u015bci wojny i wszechobecnego cierpienia, po to by sk\u0142oni\u0107 Czytelnika do refleksji i zadumy nad postawami moralnymi cz\u0142owieka. \u017byczymy sobie i Pa\u0144stwu, aby te lektury przyczynia\u0142y si\u0119 do zmiany \u015bwiadomo\u015bci ludzko\u015bci w kierunku dobra, mi\u0142o\u015bci i odpowiedzialno\u015bci za drugiego cz\u0142owieka.<\/span><\/span><\/strong><\/p><h3 class=\"western\"><span style=\"font-family: Times New Roman, serif;\"><span style=\"font-size: large;\">,,Ten, kto nie pami\u0119ta przesz\u0142o\u015bci, b\u0119dzie skazany na to, \u017ce j\u0105 prze\u017cyje powt\u00f3rnie.\"\u00a0\u00a0 <\/span><\/span><a name=\"firstHeading\"><\/a><span style=\"font-family: Times New Roman, serif;\"><span style=\"font-size: large;\">George Santayana<\/span><\/span><\/h3>\t\t\t\t\t\t\t\t<\/div>\n\t\t\t\t<\/div>\n\t\t\t\t\t<\/div>\n\t\t<\/div>\n\t\t\t\t\t<\/div>\n\t\t<\/section>\n\t\t\t\t<\/div>\n\t\t<\/div><\/div>","protected":false},"excerpt":{"rendered":"<p>14 czerwca 1940 roku z wi\u0119zienia w Tarnowie Niemcy przetransportowali do obozu w Auschwitz grup\u0119 728 Polak\u00f3w, mi\u0119dzy innymi \u017co\u0142nierzy kampanii wrze\u015bniowej. By\u0142 to pierwszy masowy transport&nbsp; wi\u0119\u017ani\u00f3w do nowo za\u0142o\u017conego obozu. Dzie\u0144 ten uznawany jest za pocz\u0105tek dzia\u0142alno\u015bci obozu koncentracyjnego Auschwitz. Teraz co roku 14 czerwca obchodzimy Narodowy Dzie\u0144 Pami\u0119ci Ofiar Niemieckich Nazistowskich Oboz\u00f3w ... <a title=\"Narodowy Dzie\u0144 Pami\u0119ci Ofiar Niemieckich Nazistowskich Oboz\u00f3w Koncentracyjnych i Oboz\u00f3w Zag\u0142ady\" class=\"read-more\" href=\"http:\/\/gbp.podedworze.pl\/index.php\/2021\/06\/14\/narodowy-dzien-pamieci-ofiar-niemieckich-nazistowskich-obozow-koncentracyjnych-i-obozow-zaglady\/\" aria-label=\"Read more about Narodowy Dzie\u0144 Pami\u0119ci Ofiar Niemieckich Nazistowskich Oboz\u00f3w Koncentracyjnych i Oboz\u00f3w Zag\u0142ady\">Dowiedz si\u0119 wi\u0119cej<\/a><\/p>\n","protected":false},"author":5,"featured_media":0,"comment_status":"open","ping_status":"open","sticky":false,"template":"","format":"standard","meta":{"_monsterinsights_skip_tracking":false,"_monsterinsights_sitenote_active":false,"_monsterinsights_sitenote_note":"","_monsterinsights_sitenote_category":0,"footnotes":""},"categories":[27,9],"tags":[],"class_list":["post-1109","post","type-post","status-publish","format-standard","hentry","category-dla-czytelnika","category-aktualnosci-aktualnosci"],"yoast_head":"<!-- This site is optimized with the Yoast SEO plugin v24.3 - https:\/\/yoast.com\/wordpress\/plugins\/seo\/ -->\n<title>Narodowy Dzie\u0144 Pami\u0119ci Ofiar Niemieckich Nazistowskich Oboz\u00f3w Koncentracyjnych i Oboz\u00f3w Zag\u0142ady -<\/title>\n<meta name=\"robots\" content=\"index, follow, max-snippet:-1, max-image-preview:large, max-video-preview:-1\" \/>\n<link rel=\"canonical\" href=\"http:\/\/gbp.podedworze.pl\/index.php\/2021\/06\/14\/narodowy-dzien-pamieci-ofiar-niemieckich-nazistowskich-obozow-koncentracyjnych-i-obozow-zaglady\/\" \/>\n<meta property=\"og:locale\" content=\"pl_PL\" \/>\n<meta property=\"og:type\" content=\"article\" \/>\n<meta property=\"og:title\" content=\"Narodowy Dzie\u0144 Pami\u0119ci Ofiar Niemieckich Nazistowskich Oboz\u00f3w Koncentracyjnych i Oboz\u00f3w Zag\u0142ady\" \/>\n<meta property=\"og:description\" content=\"14 czerwca obchodzimy Narodowy Dzie\u0144 Pami\u0119ci Ofiar Niemieckich Nazistowskich Oboz\u00f3w Koncentracyjnych i Oboz\u00f3w Zag\u0142ady\" \/>\n<meta property=\"og:url\" content=\"http:\/\/gbp.podedworze.pl\/index.php\/2021\/06\/14\/narodowy-dzien-pamieci-ofiar-niemieckich-nazistowskich-obozow-koncentracyjnych-i-obozow-zaglady\/\" \/>\n<meta property=\"article:publisher\" content=\"https:\/\/www.facebook.com\/GBPwPodedworzu\" \/>\n<meta property=\"article:published_time\" content=\"2021-06-14T10:13:09+00:00\" \/>\n<meta property=\"article:modified_time\" content=\"2021-06-14T10:37:59+00:00\" \/>\n<meta property=\"og:image\" content=\"http:\/\/gbp.podedworze.pl\/wp-content\/uploads\/2021\/05\/Kwiatowa-Katy-Pogrzeb-Podziekowanie-Kartka1.jpg\" \/>\n\t<meta property=\"og:image:width\" content=\"1747\" \/>\n\t<meta property=\"og:image:height\" content=\"1240\" \/>\n\t<meta property=\"og:image:type\" content=\"image\/jpeg\" \/>\n<meta name=\"author\" content=\"Agnieszka Juchno\" \/>\n<meta name=\"twitter:card\" content=\"summary_large_image\" \/>\n<meta name=\"twitter:label1\" content=\"Napisane przez\" \/>\n\t<meta name=\"twitter:data1\" content=\"Agnieszka Juchno\" \/>\n\t<meta name=\"twitter:label2\" content=\"Szacowany czas czytania\" \/>\n\t<meta name=\"twitter:data2\" content=\"1 minuta\" \/>\n<script type=\"application\/ld+json\" class=\"yoast-schema-graph\">{\"@context\":\"https:\/\/schema.org\",\"@graph\":[{\"@type\":\"Article\",\"@id\":\"http:\/\/gbp.podedworze.pl\/index.php\/2021\/06\/14\/narodowy-dzien-pamieci-ofiar-niemieckich-nazistowskich-obozow-koncentracyjnych-i-obozow-zaglady\/#article\",\"isPartOf\":{\"@id\":\"http:\/\/gbp.podedworze.pl\/index.php\/2021\/06\/14\/narodowy-dzien-pamieci-ofiar-niemieckich-nazistowskich-obozow-koncentracyjnych-i-obozow-zaglady\/\"},\"author\":{\"name\":\"Agnieszka Juchno\",\"@id\":\"http:\/\/gbp.podedworze.pl\/#\/schema\/person\/2a7b643e59701c61235471a041776408\"},\"headline\":\"Narodowy Dzie\u0144 Pami\u0119ci Ofiar Niemieckich Nazistowskich Oboz\u00f3w Koncentracyjnych i Oboz\u00f3w Zag\u0142ady\",\"datePublished\":\"2021-06-14T10:13:09+00:00\",\"dateModified\":\"2021-06-14T10:37:59+00:00\",\"mainEntityOfPage\":{\"@id\":\"http:\/\/gbp.podedworze.pl\/index.php\/2021\/06\/14\/narodowy-dzien-pamieci-ofiar-niemieckich-nazistowskich-obozow-koncentracyjnych-i-obozow-zaglady\/\"},\"wordCount\":239,\"commentCount\":0,\"publisher\":{\"@id\":\"http:\/\/gbp.podedworze.pl\/#organization\"},\"image\":{\"@id\":\"http:\/\/gbp.podedworze.pl\/index.php\/2021\/06\/14\/narodowy-dzien-pamieci-ofiar-niemieckich-nazistowskich-obozow-koncentracyjnych-i-obozow-zaglady\/#primaryimage\"},\"thumbnailUrl\":\"http:\/\/gbp.podedworze.pl\/wp-content\/uploads\/2021\/05\/Kwiatowa-Katy-Pogrzeb-Podziekowanie-Kartka1.jpg\",\"articleSection\":[\"Dla Czytelnika\",\"Wydarzenia\"],\"inLanguage\":\"pl-PL\"},{\"@type\":\"WebPage\",\"@id\":\"http:\/\/gbp.podedworze.pl\/index.php\/2021\/06\/14\/narodowy-dzien-pamieci-ofiar-niemieckich-nazistowskich-obozow-koncentracyjnych-i-obozow-zaglady\/\",\"url\":\"http:\/\/gbp.podedworze.pl\/index.php\/2021\/06\/14\/narodowy-dzien-pamieci-ofiar-niemieckich-nazistowskich-obozow-koncentracyjnych-i-obozow-zaglady\/\",\"name\":\"Narodowy Dzie\u0144 Pami\u0119ci Ofiar Niemieckich Nazistowskich Oboz\u00f3w Koncentracyjnych i Oboz\u00f3w Zag\u0142ady -\",\"isPartOf\":{\"@id\":\"http:\/\/gbp.podedworze.pl\/#website\"},\"primaryImageOfPage\":{\"@id\":\"http:\/\/gbp.podedworze.pl\/index.php\/2021\/06\/14\/narodowy-dzien-pamieci-ofiar-niemieckich-nazistowskich-obozow-koncentracyjnych-i-obozow-zaglady\/#primaryimage\"},\"image\":{\"@id\":\"http:\/\/gbp.podedworze.pl\/index.php\/2021\/06\/14\/narodowy-dzien-pamieci-ofiar-niemieckich-nazistowskich-obozow-koncentracyjnych-i-obozow-zaglady\/#primaryimage\"},\"thumbnailUrl\":\"http:\/\/gbp.podedworze.pl\/wp-content\/uploads\/2021\/05\/Kwiatowa-Katy-Pogrzeb-Podziekowanie-Kartka1.jpg\",\"datePublished\":\"2021-06-14T10:13:09+00:00\",\"dateModified\":\"2021-06-14T10:37:59+00:00\",\"breadcrumb\":{\"@id\":\"http:\/\/gbp.podedworze.pl\/index.php\/2021\/06\/14\/narodowy-dzien-pamieci-ofiar-niemieckich-nazistowskich-obozow-koncentracyjnych-i-obozow-zaglady\/#breadcrumb\"},\"inLanguage\":\"pl-PL\",\"potentialAction\":[{\"@type\":\"ReadAction\",\"target\":[\"http:\/\/gbp.podedworze.pl\/index.php\/2021\/06\/14\/narodowy-dzien-pamieci-ofiar-niemieckich-nazistowskich-obozow-koncentracyjnych-i-obozow-zaglady\/\"]}]},{\"@type\":\"ImageObject\",\"inLanguage\":\"pl-PL\",\"@id\":\"http:\/\/gbp.podedworze.pl\/index.php\/2021\/06\/14\/narodowy-dzien-pamieci-ofiar-niemieckich-nazistowskich-obozow-koncentracyjnych-i-obozow-zaglady\/#primaryimage\",\"url\":\"http:\/\/gbp.podedworze.pl\/wp-content\/uploads\/2021\/05\/Kwiatowa-Katy-Pogrzeb-Podziekowanie-Kartka1.jpg\",\"contentUrl\":\"http:\/\/gbp.podedworze.pl\/wp-content\/uploads\/2021\/05\/Kwiatowa-Katy-Pogrzeb-Podziekowanie-Kartka1.jpg\",\"width\":1747,\"height\":1240,\"caption\":\"Zdj\u0119cia ksi\u0105\u017cek o tematyce II Wojny \u015awiatowej\"},{\"@type\":\"BreadcrumbList\",\"@id\":\"http:\/\/gbp.podedworze.pl\/index.php\/2021\/06\/14\/narodowy-dzien-pamieci-ofiar-niemieckich-nazistowskich-obozow-koncentracyjnych-i-obozow-zaglady\/#breadcrumb\",\"itemListElement\":[{\"@type\":\"ListItem\",\"position\":1,\"name\":\"Strona g\u0142\u00f3wna\",\"item\":\"http:\/\/gbp.podedworze.pl\/\"},{\"@type\":\"ListItem\",\"position\":2,\"name\":\"Narodowy Dzie\u0144 Pami\u0119ci Ofiar Niemieckich Nazistowskich Oboz\u00f3w Koncentracyjnych i Oboz\u00f3w Zag\u0142ady\"}]},{\"@type\":\"WebSite\",\"@id\":\"http:\/\/gbp.podedworze.pl\/#website\",\"url\":\"http:\/\/gbp.podedworze.pl\/\",\"name\":\"GMINNA BIBLIOTEKA PUBLICZNA W PODEDW\u00d3RZU\",\"description\":\"\",\"publisher\":{\"@id\":\"http:\/\/gbp.podedworze.pl\/#organization\"},\"potentialAction\":[{\"@type\":\"SearchAction\",\"target\":{\"@type\":\"EntryPoint\",\"urlTemplate\":\"http:\/\/gbp.podedworze.pl\/?s={search_term_string}\"},\"query-input\":{\"@type\":\"PropertyValueSpecification\",\"valueRequired\":true,\"valueName\":\"search_term_string\"}}],\"inLanguage\":\"pl-PL\"},{\"@type\":\"Organization\",\"@id\":\"http:\/\/gbp.podedworze.pl\/#organization\",\"name\":\"Gminna Biblioteka Publiczna w Podedw\u00f3rzu\",\"url\":\"http:\/\/gbp.podedworze.pl\/\",\"logo\":{\"@type\":\"ImageObject\",\"inLanguage\":\"pl-PL\",\"@id\":\"http:\/\/gbp.podedworze.pl\/#\/schema\/logo\/image\/\",\"url\":\"http:\/\/gbp.podedworze.pl\/wp-content\/uploads\/2020\/06\/logo.png\",\"contentUrl\":\"http:\/\/gbp.podedworze.pl\/wp-content\/uploads\/2020\/06\/logo.png\",\"width\":500,\"height\":500,\"caption\":\"Gminna Biblioteka Publiczna w Podedw\u00f3rzu\"},\"image\":{\"@id\":\"http:\/\/gbp.podedworze.pl\/#\/schema\/logo\/image\/\"},\"sameAs\":[\"https:\/\/www.facebook.com\/GBPwPodedworzu\"]},{\"@type\":\"Person\",\"@id\":\"http:\/\/gbp.podedworze.pl\/#\/schema\/person\/2a7b643e59701c61235471a041776408\",\"name\":\"Agnieszka Juchno\",\"image\":{\"@type\":\"ImageObject\",\"inLanguage\":\"pl-PL\",\"@id\":\"http:\/\/gbp.podedworze.pl\/#\/schema\/person\/image\/\",\"url\":\"https:\/\/secure.gravatar.com\/avatar\/649e27e1788d79268446202f1375dce9?s=96&d=mm&r=g\",\"contentUrl\":\"https:\/\/secure.gravatar.com\/avatar\/649e27e1788d79268446202f1375dce9?s=96&d=mm&r=g\",\"caption\":\"Agnieszka Juchno\"},\"sameAs\":[\"http:\/\/gbp.podedworze.pl\"],\"url\":\"http:\/\/gbp.podedworze.pl\/index.php\/author\/agnieszka\/\"}]}<\/script>\n<!-- \/ Yoast SEO plugin. -->","yoast_head_json":{"title":"Narodowy Dzie\u0144 Pami\u0119ci Ofiar Niemieckich Nazistowskich Oboz\u00f3w Koncentracyjnych i Oboz\u00f3w Zag\u0142ady -","robots":{"index":"index","follow":"follow","max-snippet":"max-snippet:-1","max-image-preview":"max-image-preview:large","max-video-preview":"max-video-preview:-1"},"canonical":"http:\/\/gbp.podedworze.pl\/index.php\/2021\/06\/14\/narodowy-dzien-pamieci-ofiar-niemieckich-nazistowskich-obozow-koncentracyjnych-i-obozow-zaglady\/","og_locale":"pl_PL","og_type":"article","og_title":"Narodowy Dzie\u0144 Pami\u0119ci Ofiar Niemieckich Nazistowskich Oboz\u00f3w Koncentracyjnych i Oboz\u00f3w Zag\u0142ady","og_description":"14 czerwca obchodzimy Narodowy Dzie\u0144 Pami\u0119ci Ofiar Niemieckich Nazistowskich Oboz\u00f3w Koncentracyjnych i Oboz\u00f3w Zag\u0142ady","og_url":"http:\/\/gbp.podedworze.pl\/index.php\/2021\/06\/14\/narodowy-dzien-pamieci-ofiar-niemieckich-nazistowskich-obozow-koncentracyjnych-i-obozow-zaglady\/","article_publisher":"https:\/\/www.facebook.com\/GBPwPodedworzu","article_published_time":"2021-06-14T10:13:09+00:00","article_modified_time":"2021-06-14T10:37:59+00:00","og_image":[{"width":1747,"height":1240,"url":"http:\/\/gbp.podedworze.pl\/wp-content\/uploads\/2021\/05\/Kwiatowa-Katy-Pogrzeb-Podziekowanie-Kartka1.jpg","type":"image\/jpeg"}],"author":"Agnieszka Juchno","twitter_card":"summary_large_image","twitter_misc":{"Napisane przez":"Agnieszka Juchno","Szacowany czas czytania":"1 minuta"},"schema":{"@context":"https:\/\/schema.org","@graph":[{"@type":"Article","@id":"http:\/\/gbp.podedworze.pl\/index.php\/2021\/06\/14\/narodowy-dzien-pamieci-ofiar-niemieckich-nazistowskich-obozow-koncentracyjnych-i-obozow-zaglady\/#article","isPartOf":{"@id":"http:\/\/gbp.podedworze.pl\/index.php\/2021\/06\/14\/narodowy-dzien-pamieci-ofiar-niemieckich-nazistowskich-obozow-koncentracyjnych-i-obozow-zaglady\/"},"author":{"name":"Agnieszka Juchno","@id":"http:\/\/gbp.podedworze.pl\/#\/schema\/person\/2a7b643e59701c61235471a041776408"},"headline":"Narodowy Dzie\u0144 Pami\u0119ci Ofiar Niemieckich Nazistowskich Oboz\u00f3w Koncentracyjnych i Oboz\u00f3w Zag\u0142ady","datePublished":"2021-06-14T10:13:09+00:00","dateModified":"2021-06-14T10:37:59+00:00","mainEntityOfPage":{"@id":"http:\/\/gbp.podedworze.pl\/index.php\/2021\/06\/14\/narodowy-dzien-pamieci-ofiar-niemieckich-nazistowskich-obozow-koncentracyjnych-i-obozow-zaglady\/"},"wordCount":239,"commentCount":0,"publisher":{"@id":"http:\/\/gbp.podedworze.pl\/#organization"},"image":{"@id":"http:\/\/gbp.podedworze.pl\/index.php\/2021\/06\/14\/narodowy-dzien-pamieci-ofiar-niemieckich-nazistowskich-obozow-koncentracyjnych-i-obozow-zaglady\/#primaryimage"},"thumbnailUrl":"http:\/\/gbp.podedworze.pl\/wp-content\/uploads\/2021\/05\/Kwiatowa-Katy-Pogrzeb-Podziekowanie-Kartka1.jpg","articleSection":["Dla Czytelnika","Wydarzenia"],"inLanguage":"pl-PL"},{"@type":"WebPage","@id":"http:\/\/gbp.podedworze.pl\/index.php\/2021\/06\/14\/narodowy-dzien-pamieci-ofiar-niemieckich-nazistowskich-obozow-koncentracyjnych-i-obozow-zaglady\/","url":"http:\/\/gbp.podedworze.pl\/index.php\/2021\/06\/14\/narodowy-dzien-pamieci-ofiar-niemieckich-nazistowskich-obozow-koncentracyjnych-i-obozow-zaglady\/","name":"Narodowy Dzie\u0144 Pami\u0119ci Ofiar Niemieckich Nazistowskich Oboz\u00f3w Koncentracyjnych i Oboz\u00f3w Zag\u0142ady -","isPartOf":{"@id":"http:\/\/gbp.podedworze.pl\/#website"},"primaryImageOfPage":{"@id":"http:\/\/gbp.podedworze.pl\/index.php\/2021\/06\/14\/narodowy-dzien-pamieci-ofiar-niemieckich-nazistowskich-obozow-koncentracyjnych-i-obozow-zaglady\/#primaryimage"},"image":{"@id":"http:\/\/gbp.podedworze.pl\/index.php\/2021\/06\/14\/narodowy-dzien-pamieci-ofiar-niemieckich-nazistowskich-obozow-koncentracyjnych-i-obozow-zaglady\/#primaryimage"},"thumbnailUrl":"http:\/\/gbp.podedworze.pl\/wp-content\/uploads\/2021\/05\/Kwiatowa-Katy-Pogrzeb-Podziekowanie-Kartka1.jpg","datePublished":"2021-06-14T10:13:09+00:00","dateModified":"2021-06-14T10:37:59+00:00","breadcrumb":{"@id":"http:\/\/gbp.podedworze.pl\/index.php\/2021\/06\/14\/narodowy-dzien-pamieci-ofiar-niemieckich-nazistowskich-obozow-koncentracyjnych-i-obozow-zaglady\/#breadcrumb"},"inLanguage":"pl-PL","potentialAction":[{"@type":"ReadAction","target":["http:\/\/gbp.podedworze.pl\/index.php\/2021\/06\/14\/narodowy-dzien-pamieci-ofiar-niemieckich-nazistowskich-obozow-koncentracyjnych-i-obozow-zaglady\/"]}]},{"@type":"ImageObject","inLanguage":"pl-PL","@id":"http:\/\/gbp.podedworze.pl\/index.php\/2021\/06\/14\/narodowy-dzien-pamieci-ofiar-niemieckich-nazistowskich-obozow-koncentracyjnych-i-obozow-zaglady\/#primaryimage","url":"http:\/\/gbp.podedworze.pl\/wp-content\/uploads\/2021\/05\/Kwiatowa-Katy-Pogrzeb-Podziekowanie-Kartka1.jpg","contentUrl":"http:\/\/gbp.podedworze.pl\/wp-content\/uploads\/2021\/05\/Kwiatowa-Katy-Pogrzeb-Podziekowanie-Kartka1.jpg","width":1747,"height":1240,"caption":"Zdj\u0119cia ksi\u0105\u017cek o tematyce II Wojny \u015awiatowej"},{"@type":"BreadcrumbList","@id":"http:\/\/gbp.podedworze.pl\/index.php\/2021\/06\/14\/narodowy-dzien-pamieci-ofiar-niemieckich-nazistowskich-obozow-koncentracyjnych-i-obozow-zaglady\/#breadcrumb","itemListElement":[{"@type":"ListItem","position":1,"name":"Strona g\u0142\u00f3wna","item":"http:\/\/gbp.podedworze.pl\/"},{"@type":"ListItem","position":2,"name":"Narodowy Dzie\u0144 Pami\u0119ci Ofiar Niemieckich Nazistowskich Oboz\u00f3w Koncentracyjnych i Oboz\u00f3w Zag\u0142ady"}]},{"@type":"WebSite","@id":"http:\/\/gbp.podedworze.pl\/#website","url":"http:\/\/gbp.podedworze.pl\/","name":"GMINNA BIBLIOTEKA PUBLICZNA W PODEDW\u00d3RZU","description":"","publisher":{"@id":"http:\/\/gbp.podedworze.pl\/#organization"},"potentialAction":[{"@type":"SearchAction","target":{"@type":"EntryPoint","urlTemplate":"http:\/\/gbp.podedworze.pl\/?s={search_term_string}"},"query-input":{"@type":"PropertyValueSpecification","valueRequired":true,"valueName":"search_term_string"}}],"inLanguage":"pl-PL"},{"@type":"Organization","@id":"http:\/\/gbp.podedworze.pl\/#organization","name":"Gminna Biblioteka Publiczna w Podedw\u00f3rzu","url":"http:\/\/gbp.podedworze.pl\/","logo":{"@type":"ImageObject","inLanguage":"pl-PL","@id":"http:\/\/gbp.podedworze.pl\/#\/schema\/logo\/image\/","url":"http:\/\/gbp.podedworze.pl\/wp-content\/uploads\/2020\/06\/logo.png","contentUrl":"http:\/\/gbp.podedworze.pl\/wp-content\/uploads\/2020\/06\/logo.png","width":500,"height":500,"caption":"Gminna Biblioteka Publiczna w Podedw\u00f3rzu"},"image":{"@id":"http:\/\/gbp.podedworze.pl\/#\/schema\/logo\/image\/"},"sameAs":["https:\/\/www.facebook.com\/GBPwPodedworzu"]},{"@type":"Person","@id":"http:\/\/gbp.podedworze.pl\/#\/schema\/person\/2a7b643e59701c61235471a041776408","name":"Agnieszka Juchno","image":{"@type":"ImageObject","inLanguage":"pl-PL","@id":"http:\/\/gbp.podedworze.pl\/#\/schema\/person\/image\/","url":"https:\/\/secure.gravatar.com\/avatar\/649e27e1788d79268446202f1375dce9?s=96&d=mm&r=g","contentUrl":"https:\/\/secure.gravatar.com\/avatar\/649e27e1788d79268446202f1375dce9?s=96&d=mm&r=g","caption":"Agnieszka Juchno"},"sameAs":["http:\/\/gbp.podedworze.pl"],"url":"http:\/\/gbp.podedworze.pl\/index.php\/author\/agnieszka\/"}]}},"_links":{"self":[{"href":"http:\/\/gbp.podedworze.pl\/index.php\/wp-json\/wp\/v2\/posts\/1109","targetHints":{"allow":["GET"]}}],"collection":[{"href":"http:\/\/gbp.podedworze.pl\/index.php\/wp-json\/wp\/v2\/posts"}],"about":[{"href":"http:\/\/gbp.podedworze.pl\/index.php\/wp-json\/wp\/v2\/types\/post"}],"author":[{"embeddable":true,"href":"http:\/\/gbp.podedworze.pl\/index.php\/wp-json\/wp\/v2\/users\/5"}],"replies":[{"embeddable":true,"href":"http:\/\/gbp.podedworze.pl\/index.php\/wp-json\/wp\/v2\/comments?post=1109"}],"version-history":[{"count":11,"href":"http:\/\/gbp.podedworze.pl\/index.php\/wp-json\/wp\/v2\/posts\/1109\/revisions"}],"predecessor-version":[{"id":1267,"href":"http:\/\/gbp.podedworze.pl\/index.php\/wp-json\/wp\/v2\/posts\/1109\/revisions\/1267"}],"wp:attachment":[{"href":"http:\/\/gbp.podedworze.pl\/index.php\/wp-json\/wp\/v2\/media?parent=1109"}],"wp:term":[{"taxonomy":"category","embeddable":true,"href":"http:\/\/gbp.podedworze.pl\/index.php\/wp-json\/wp\/v2\/categories?post=1109"},{"taxonomy":"post_tag","embeddable":true,"href":"http:\/\/gbp.podedworze.pl\/index.php\/wp-json\/wp\/v2\/tags?post=1109"}],"curies":[{"name":"wp","href":"https:\/\/api.w.org\/{rel}","templated":true}]}}