{"id":1079,"date":"2021-05-20T10:49:34","date_gmt":"2021-05-20T08:49:34","guid":{"rendered":"http:\/\/gbp.podedworze.pl\/?p=1079"},"modified":"2021-05-20T11:03:10","modified_gmt":"2021-05-20T09:03:10","slug":"konkurs-plastyczny-dzien-matki","status":"publish","type":"post","link":"http:\/\/gbp.podedworze.pl\/index.php\/2021\/05\/20\/konkurs-plastyczny-dzien-matki\/","title":{"rendered":"Gminny Konkurs Plastyczny \"Dzie\u0144 Matki 2021\""},"content":{"rendered":"<div id=\"dslc-theme-content\"><div id=\"dslc-theme-content-inner\">\t\t<div data-elementor-type=\"wp-post\" data-elementor-id=\"1079\" class=\"elementor elementor-1079\">\n\t\t\t\t\t\t<section class=\"elementor-section elementor-top-section elementor-element elementor-element-5c40914 elementor-section-boxed elementor-section-height-default elementor-section-height-default\" data-id=\"5c40914\" data-element_type=\"section\">\n\t\t\t\t\t\t<div class=\"elementor-container elementor-column-gap-default\">\n\t\t\t\t\t<div class=\"elementor-column elementor-col-100 elementor-top-column elementor-element elementor-element-cc74d5c\" data-id=\"cc74d5c\" data-element_type=\"column\">\n\t\t\t<div class=\"elementor-widget-wrap elementor-element-populated\">\n\t\t\t\t\t\t<div class=\"elementor-element elementor-element-a631706 elementor-position-top elementor-widget elementor-widget-image-box\" data-id=\"a631706\" data-element_type=\"widget\" data-widget_type=\"image-box.default\">\n\t\t\t\t<div class=\"elementor-widget-container\">\n\t\t\t\t\t<div class=\"elementor-image-box-wrapper\"><figure class=\"elementor-image-box-img\"><img fetchpriority=\"high\" decoding=\"async\" width=\"1587\" height=\"2245\" src=\"http:\/\/gbp.podedworze.pl\/wp-content\/uploads\/2021\/05\/Konkurs-plastyczny-dla-Przedszkola-1.png\" class=\"attachment-full size-full wp-image-1081\" alt=\"Plakat Dzie\u0144 Matki 2021\" srcset=\"http:\/\/gbp.podedworze.pl\/wp-content\/uploads\/2021\/05\/Konkurs-plastyczny-dla-Przedszkola-1.png 1587w, http:\/\/gbp.podedworze.pl\/wp-content\/uploads\/2021\/05\/Konkurs-plastyczny-dla-Przedszkola-1-768x1086.png 768w, http:\/\/gbp.podedworze.pl\/wp-content\/uploads\/2021\/05\/Konkurs-plastyczny-dla-Przedszkola-1-1086x1536.png 1086w, http:\/\/gbp.podedworze.pl\/wp-content\/uploads\/2021\/05\/Konkurs-plastyczny-dla-Przedszkola-1-1448x2048.png 1448w\" sizes=\"(max-width: 1587px) 100vw, 1587px\" \/><\/figure><div class=\"elementor-image-box-content\"><h3 class=\"elementor-image-box-title\">Zapraszamy wszystkie Przedszkolaki do udzia\u0142u w konkursie plastycznym<\/h3><p class=\"elementor-image-box-description\">Waszym zadaniem b\u0119dzie wykonanie portretu mamy technik\u0105 wydzieranki.\nSzablony prac s\u0105 dost\u0119pne w Bibliotece. \nProsimy rodzic\u00f3w\/opiekun\u00f3w o zapoznanie si\u0119 z Regulaminem konkursu oraz wype\u0142nienie Kart uczestnictwa.<\/p><\/div><\/div>\t\t\t\t<\/div>\n\t\t\t\t<\/div>\n\t\t\t\t\t<\/div>\n\t\t<\/div>\n\t\t\t\t\t<\/div>\n\t\t<\/section>\n\t\t\t\t<section class=\"elementor-section elementor-top-section elementor-element elementor-element-4faf65c elementor-section-boxed elementor-section-height-default elementor-section-height-default\" data-id=\"4faf65c\" data-element_type=\"section\">\n\t\t\t\t\t\t<div class=\"elementor-container elementor-column-gap-default\">\n\t\t\t\t\t<div class=\"elementor-column elementor-col-100 elementor-top-column elementor-element elementor-element-b2b95a4\" data-id=\"b2b95a4\" data-element_type=\"column\">\n\t\t\t<div class=\"elementor-widget-wrap elementor-element-populated\">\n\t\t\t\t\t\t<div class=\"elementor-element elementor-element-eb5c382 elementor-widget elementor-widget-text-editor\" data-id=\"eb5c382\" data-element_type=\"widget\" data-widget_type=\"text-editor.default\">\n\t\t\t\t<div class=\"elementor-widget-container\">\n\t\t\t\t\t\t\t\t\t<p><a href=\"http:\/\/gbp.podedworze.pl\/wp-content\/uploads\/2021\/05\/regulamin-konkursu-Dzien-Matki-1.odt\">Regulamin konkursu Dzie\u0144 Matki<\/a><\/p><p><a href=\"http:\/\/gbp.podedworze.pl\/wp-content\/uploads\/2021\/05\/Karta-zgody.odt\">Karta zgody<\/a><\/p>\t\t\t\t\t\t\t\t<\/div>\n\t\t\t\t<\/div>\n\t\t\t\t\t<\/div>\n\t\t<\/div>\n\t\t\t\t\t<\/div>\n\t\t<\/section>\n\t\t\t\t<\/div>\n\t\t<\/div><\/div>","protected":false},"excerpt":{"rendered":"<p>Zapraszamy wszystkie Przedszkolaki do udzia\u0142u w konkursie plastycznym Waszym zadaniem b\u0119dzie wykonanie portretu mamy technik\u0105 wydzieranki. Szablony prac s\u0105 dost\u0119pne w Bibliotece. Prosimy rodzic\u00f3w\/opiekun\u00f3w o zapoznanie si\u0119 z Regulaminem konkursu oraz wype\u0142nienie Kart uczestnictwa. Regulamin konkursu Dzie\u0144 Matki Karta zgody<\/p>\n","protected":false},"author":3,"featured_media":0,"comment_status":"open","ping_status":"open","sticky":false,"template":"","format":"standard","meta":{"_monsterinsights_skip_tracking":false,"_monsterinsights_sitenote_active":false,"_monsterinsights_sitenote_note":"","_monsterinsights_sitenote_category":0,"footnotes":""},"categories":[10,9],"tags":[],"class_list":["post-1079","post","type-post","status-publish","format-standard","hentry","category-konkursy","category-aktualnosci-aktualnosci"],"yoast_head":"<!-- This site is optimized with the Yoast SEO plugin v24.3 - https:\/\/yoast.com\/wordpress\/plugins\/seo\/ -->\n<title>Gminny Konkurs Plastyczny &quot;Dzie\u0144 Matki 2021&quot; -<\/title>\n<meta name=\"description\" content=\"Gminna Biblioteka Publiczna wszystkie przedszkolaki do wzi\u0119cia udzia\u0142u w gminnym konkursie plastycznym &quot;Dzie\u0144 Matki 2021&quot;\" \/>\n<meta name=\"robots\" content=\"index, follow, max-snippet:-1, max-image-preview:large, max-video-preview:-1\" \/>\n<link rel=\"canonical\" href=\"http:\/\/gbp.podedworze.pl\/index.php\/2021\/05\/20\/konkurs-plastyczny-dzien-matki\/\" \/>\n<meta property=\"og:locale\" content=\"pl_PL\" \/>\n<meta property=\"og:type\" content=\"article\" \/>\n<meta property=\"og:title\" content=\"Gminny Konkurs Plastyczny &quot;Dzie\u0144 Matki 2021&quot; -\" \/>\n<meta property=\"og:description\" content=\"Gminny Konkurs Plastyczny dla Przedszkolak\u00f3w\" \/>\n<meta property=\"og:url\" content=\"http:\/\/gbp.podedworze.pl\/index.php\/2021\/05\/20\/konkurs-plastyczny-dzien-matki\/\" \/>\n<meta property=\"article:publisher\" content=\"https:\/\/www.facebook.com\/GBPwPodedworzu\" \/>\n<meta property=\"article:published_time\" content=\"2021-05-20T08:49:34+00:00\" \/>\n<meta property=\"article:modified_time\" content=\"2021-05-20T09:03:10+00:00\" \/>\n<meta property=\"og:image\" content=\"http:\/\/gbp.podedworze.pl\/wp-content\/uploads\/2021\/05\/Konkurs-plastyczny-dla-Przedszkola-1.png\" \/>\n\t<meta property=\"og:image:width\" content=\"1587\" \/>\n\t<meta property=\"og:image:height\" content=\"2245\" \/>\n\t<meta property=\"og:image:type\" content=\"image\/png\" \/>\n<meta name=\"author\" content=\"Diana Hetman\" \/>\n<meta name=\"twitter:card\" content=\"summary_large_image\" \/>\n<meta name=\"twitter:label1\" content=\"Napisane przez\" \/>\n\t<meta name=\"twitter:data1\" content=\"Diana Hetman\" \/>\n\t<meta name=\"twitter:label2\" content=\"Szacowany czas czytania\" \/>\n\t<meta name=\"twitter:data2\" content=\"1 minuta\" \/>\n<script type=\"application\/ld+json\" class=\"yoast-schema-graph\">{\"@context\":\"https:\/\/schema.org\",\"@graph\":[{\"@type\":\"Article\",\"@id\":\"http:\/\/gbp.podedworze.pl\/index.php\/2021\/05\/20\/konkurs-plastyczny-dzien-matki\/#article\",\"isPartOf\":{\"@id\":\"http:\/\/gbp.podedworze.pl\/index.php\/2021\/05\/20\/konkurs-plastyczny-dzien-matki\/\"},\"author\":{\"name\":\"Diana Hetman\",\"@id\":\"http:\/\/gbp.podedworze.pl\/#\/schema\/person\/dfea2b3ca56c56b7d1cc7109d42ee986\"},\"headline\":\"Gminny Konkurs Plastyczny \\\"Dzie\u0144 Matki 2021\\\"\",\"datePublished\":\"2021-05-20T08:49:34+00:00\",\"dateModified\":\"2021-05-20T09:03:10+00:00\",\"mainEntityOfPage\":{\"@id\":\"http:\/\/gbp.podedworze.pl\/index.php\/2021\/05\/20\/konkurs-plastyczny-dzien-matki\/\"},\"wordCount\":52,\"commentCount\":0,\"publisher\":{\"@id\":\"http:\/\/gbp.podedworze.pl\/#organization\"},\"image\":{\"@id\":\"http:\/\/gbp.podedworze.pl\/index.php\/2021\/05\/20\/konkurs-plastyczny-dzien-matki\/#primaryimage\"},\"thumbnailUrl\":\"http:\/\/gbp.podedworze.pl\/wp-content\/uploads\/2021\/05\/Konkurs-plastyczny-dla-Przedszkola-1.png\",\"articleSection\":[\"Konkursy\",\"Wydarzenia\"],\"inLanguage\":\"pl-PL\"},{\"@type\":\"WebPage\",\"@id\":\"http:\/\/gbp.podedworze.pl\/index.php\/2021\/05\/20\/konkurs-plastyczny-dzien-matki\/\",\"url\":\"http:\/\/gbp.podedworze.pl\/index.php\/2021\/05\/20\/konkurs-plastyczny-dzien-matki\/\",\"name\":\"Gminny Konkurs Plastyczny \\\"Dzie\u0144 Matki 2021\\\" -\",\"isPartOf\":{\"@id\":\"http:\/\/gbp.podedworze.pl\/#website\"},\"primaryImageOfPage\":{\"@id\":\"http:\/\/gbp.podedworze.pl\/index.php\/2021\/05\/20\/konkurs-plastyczny-dzien-matki\/#primaryimage\"},\"image\":{\"@id\":\"http:\/\/gbp.podedworze.pl\/index.php\/2021\/05\/20\/konkurs-plastyczny-dzien-matki\/#primaryimage\"},\"thumbnailUrl\":\"http:\/\/gbp.podedworze.pl\/wp-content\/uploads\/2021\/05\/Konkurs-plastyczny-dla-Przedszkola-1.png\",\"datePublished\":\"2021-05-20T08:49:34+00:00\",\"dateModified\":\"2021-05-20T09:03:10+00:00\",\"description\":\"Gminna Biblioteka Publiczna wszystkie przedszkolaki do wzi\u0119cia udzia\u0142u w gminnym konkursie plastycznym \\\"Dzie\u0144 Matki 2021\\\"\",\"breadcrumb\":{\"@id\":\"http:\/\/gbp.podedworze.pl\/index.php\/2021\/05\/20\/konkurs-plastyczny-dzien-matki\/#breadcrumb\"},\"inLanguage\":\"pl-PL\",\"potentialAction\":[{\"@type\":\"ReadAction\",\"target\":[\"http:\/\/gbp.podedworze.pl\/index.php\/2021\/05\/20\/konkurs-plastyczny-dzien-matki\/\"]}]},{\"@type\":\"ImageObject\",\"inLanguage\":\"pl-PL\",\"@id\":\"http:\/\/gbp.podedworze.pl\/index.php\/2021\/05\/20\/konkurs-plastyczny-dzien-matki\/#primaryimage\",\"url\":\"http:\/\/gbp.podedworze.pl\/wp-content\/uploads\/2021\/05\/Konkurs-plastyczny-dla-Przedszkola-1.png\",\"contentUrl\":\"http:\/\/gbp.podedworze.pl\/wp-content\/uploads\/2021\/05\/Konkurs-plastyczny-dla-Przedszkola-1.png\",\"width\":1587,\"height\":2245,\"caption\":\"Plakat Dzie\u0144 Matki 2021\"},{\"@type\":\"BreadcrumbList\",\"@id\":\"http:\/\/gbp.podedworze.pl\/index.php\/2021\/05\/20\/konkurs-plastyczny-dzien-matki\/#breadcrumb\",\"itemListElement\":[{\"@type\":\"ListItem\",\"position\":1,\"name\":\"Strona g\u0142\u00f3wna\",\"item\":\"http:\/\/gbp.podedworze.pl\/\"},{\"@type\":\"ListItem\",\"position\":2,\"name\":\"Gminny Konkurs Plastyczny \\\"Dzie\u0144 Matki 2021\\\"\"}]},{\"@type\":\"WebSite\",\"@id\":\"http:\/\/gbp.podedworze.pl\/#website\",\"url\":\"http:\/\/gbp.podedworze.pl\/\",\"name\":\"GMINNA BIBLIOTEKA PUBLICZNA W PODEDW\u00d3RZU\",\"description\":\"\",\"publisher\":{\"@id\":\"http:\/\/gbp.podedworze.pl\/#organization\"},\"potentialAction\":[{\"@type\":\"SearchAction\",\"target\":{\"@type\":\"EntryPoint\",\"urlTemplate\":\"http:\/\/gbp.podedworze.pl\/?s={search_term_string}\"},\"query-input\":{\"@type\":\"PropertyValueSpecification\",\"valueRequired\":true,\"valueName\":\"search_term_string\"}}],\"inLanguage\":\"pl-PL\"},{\"@type\":\"Organization\",\"@id\":\"http:\/\/gbp.podedworze.pl\/#organization\",\"name\":\"Gminna Biblioteka Publiczna w Podedw\u00f3rzu\",\"url\":\"http:\/\/gbp.podedworze.pl\/\",\"logo\":{\"@type\":\"ImageObject\",\"inLanguage\":\"pl-PL\",\"@id\":\"http:\/\/gbp.podedworze.pl\/#\/schema\/logo\/image\/\",\"url\":\"http:\/\/gbp.podedworze.pl\/wp-content\/uploads\/2020\/06\/logo.png\",\"contentUrl\":\"http:\/\/gbp.podedworze.pl\/wp-content\/uploads\/2020\/06\/logo.png\",\"width\":500,\"height\":500,\"caption\":\"Gminna Biblioteka Publiczna w Podedw\u00f3rzu\"},\"image\":{\"@id\":\"http:\/\/gbp.podedworze.pl\/#\/schema\/logo\/image\/\"},\"sameAs\":[\"https:\/\/www.facebook.com\/GBPwPodedworzu\"]},{\"@type\":\"Person\",\"@id\":\"http:\/\/gbp.podedworze.pl\/#\/schema\/person\/dfea2b3ca56c56b7d1cc7109d42ee986\",\"name\":\"Diana Hetman\",\"image\":{\"@type\":\"ImageObject\",\"inLanguage\":\"pl-PL\",\"@id\":\"http:\/\/gbp.podedworze.pl\/#\/schema\/person\/image\/\",\"url\":\"https:\/\/secure.gravatar.com\/avatar\/37074dca426bae78f9d345cae1bc4aff?s=96&d=mm&r=g\",\"contentUrl\":\"https:\/\/secure.gravatar.com\/avatar\/37074dca426bae78f9d345cae1bc4aff?s=96&d=mm&r=g\",\"caption\":\"Diana Hetman\"},\"sameAs\":[\"http:\/\/www.gbp.podedworze.pl\"],\"url\":\"http:\/\/gbp.podedworze.pl\/index.php\/author\/diana\/\"}]}<\/script>\n<!-- \/ Yoast SEO plugin. -->","yoast_head_json":{"title":"Gminny Konkurs Plastyczny \"Dzie\u0144 Matki 2021\" -","description":"Gminna Biblioteka Publiczna wszystkie przedszkolaki do wzi\u0119cia udzia\u0142u w gminnym konkursie plastycznym \"Dzie\u0144 Matki 2021\"","robots":{"index":"index","follow":"follow","max-snippet":"max-snippet:-1","max-image-preview":"max-image-preview:large","max-video-preview":"max-video-preview:-1"},"canonical":"http:\/\/gbp.podedworze.pl\/index.php\/2021\/05\/20\/konkurs-plastyczny-dzien-matki\/","og_locale":"pl_PL","og_type":"article","og_title":"Gminny Konkurs Plastyczny \"Dzie\u0144 Matki 2021\" -","og_description":"Gminny Konkurs Plastyczny dla Przedszkolak\u00f3w","og_url":"http:\/\/gbp.podedworze.pl\/index.php\/2021\/05\/20\/konkurs-plastyczny-dzien-matki\/","article_publisher":"https:\/\/www.facebook.com\/GBPwPodedworzu","article_published_time":"2021-05-20T08:49:34+00:00","article_modified_time":"2021-05-20T09:03:10+00:00","og_image":[{"width":1587,"height":2245,"url":"http:\/\/gbp.podedworze.pl\/wp-content\/uploads\/2021\/05\/Konkurs-plastyczny-dla-Przedszkola-1.png","type":"image\/png"}],"author":"Diana Hetman","twitter_card":"summary_large_image","twitter_misc":{"Napisane przez":"Diana Hetman","Szacowany czas czytania":"1 minuta"},"schema":{"@context":"https:\/\/schema.org","@graph":[{"@type":"Article","@id":"http:\/\/gbp.podedworze.pl\/index.php\/2021\/05\/20\/konkurs-plastyczny-dzien-matki\/#article","isPartOf":{"@id":"http:\/\/gbp.podedworze.pl\/index.php\/2021\/05\/20\/konkurs-plastyczny-dzien-matki\/"},"author":{"name":"Diana Hetman","@id":"http:\/\/gbp.podedworze.pl\/#\/schema\/person\/dfea2b3ca56c56b7d1cc7109d42ee986"},"headline":"Gminny Konkurs Plastyczny \"Dzie\u0144 Matki 2021\"","datePublished":"2021-05-20T08:49:34+00:00","dateModified":"2021-05-20T09:03:10+00:00","mainEntityOfPage":{"@id":"http:\/\/gbp.podedworze.pl\/index.php\/2021\/05\/20\/konkurs-plastyczny-dzien-matki\/"},"wordCount":52,"commentCount":0,"publisher":{"@id":"http:\/\/gbp.podedworze.pl\/#organization"},"image":{"@id":"http:\/\/gbp.podedworze.pl\/index.php\/2021\/05\/20\/konkurs-plastyczny-dzien-matki\/#primaryimage"},"thumbnailUrl":"http:\/\/gbp.podedworze.pl\/wp-content\/uploads\/2021\/05\/Konkurs-plastyczny-dla-Przedszkola-1.png","articleSection":["Konkursy","Wydarzenia"],"inLanguage":"pl-PL"},{"@type":"WebPage","@id":"http:\/\/gbp.podedworze.pl\/index.php\/2021\/05\/20\/konkurs-plastyczny-dzien-matki\/","url":"http:\/\/gbp.podedworze.pl\/index.php\/2021\/05\/20\/konkurs-plastyczny-dzien-matki\/","name":"Gminny Konkurs Plastyczny \"Dzie\u0144 Matki 2021\" -","isPartOf":{"@id":"http:\/\/gbp.podedworze.pl\/#website"},"primaryImageOfPage":{"@id":"http:\/\/gbp.podedworze.pl\/index.php\/2021\/05\/20\/konkurs-plastyczny-dzien-matki\/#primaryimage"},"image":{"@id":"http:\/\/gbp.podedworze.pl\/index.php\/2021\/05\/20\/konkurs-plastyczny-dzien-matki\/#primaryimage"},"thumbnailUrl":"http:\/\/gbp.podedworze.pl\/wp-content\/uploads\/2021\/05\/Konkurs-plastyczny-dla-Przedszkola-1.png","datePublished":"2021-05-20T08:49:34+00:00","dateModified":"2021-05-20T09:03:10+00:00","description":"Gminna Biblioteka Publiczna wszystkie przedszkolaki do wzi\u0119cia udzia\u0142u w gminnym konkursie plastycznym \"Dzie\u0144 Matki 2021\"","breadcrumb":{"@id":"http:\/\/gbp.podedworze.pl\/index.php\/2021\/05\/20\/konkurs-plastyczny-dzien-matki\/#breadcrumb"},"inLanguage":"pl-PL","potentialAction":[{"@type":"ReadAction","target":["http:\/\/gbp.podedworze.pl\/index.php\/2021\/05\/20\/konkurs-plastyczny-dzien-matki\/"]}]},{"@type":"ImageObject","inLanguage":"pl-PL","@id":"http:\/\/gbp.podedworze.pl\/index.php\/2021\/05\/20\/konkurs-plastyczny-dzien-matki\/#primaryimage","url":"http:\/\/gbp.podedworze.pl\/wp-content\/uploads\/2021\/05\/Konkurs-plastyczny-dla-Przedszkola-1.png","contentUrl":"http:\/\/gbp.podedworze.pl\/wp-content\/uploads\/2021\/05\/Konkurs-plastyczny-dla-Przedszkola-1.png","width":1587,"height":2245,"caption":"Plakat Dzie\u0144 Matki 2021"},{"@type":"BreadcrumbList","@id":"http:\/\/gbp.podedworze.pl\/index.php\/2021\/05\/20\/konkurs-plastyczny-dzien-matki\/#breadcrumb","itemListElement":[{"@type":"ListItem","position":1,"name":"Strona g\u0142\u00f3wna","item":"http:\/\/gbp.podedworze.pl\/"},{"@type":"ListItem","position":2,"name":"Gminny Konkurs Plastyczny \"Dzie\u0144 Matki 2021\""}]},{"@type":"WebSite","@id":"http:\/\/gbp.podedworze.pl\/#website","url":"http:\/\/gbp.podedworze.pl\/","name":"GMINNA BIBLIOTEKA PUBLICZNA W PODEDW\u00d3RZU","description":"","publisher":{"@id":"http:\/\/gbp.podedworze.pl\/#organization"},"potentialAction":[{"@type":"SearchAction","target":{"@type":"EntryPoint","urlTemplate":"http:\/\/gbp.podedworze.pl\/?s={search_term_string}"},"query-input":{"@type":"PropertyValueSpecification","valueRequired":true,"valueName":"search_term_string"}}],"inLanguage":"pl-PL"},{"@type":"Organization","@id":"http:\/\/gbp.podedworze.pl\/#organization","name":"Gminna Biblioteka Publiczna w Podedw\u00f3rzu","url":"http:\/\/gbp.podedworze.pl\/","logo":{"@type":"ImageObject","inLanguage":"pl-PL","@id":"http:\/\/gbp.podedworze.pl\/#\/schema\/logo\/image\/","url":"http:\/\/gbp.podedworze.pl\/wp-content\/uploads\/2020\/06\/logo.png","contentUrl":"http:\/\/gbp.podedworze.pl\/wp-content\/uploads\/2020\/06\/logo.png","width":500,"height":500,"caption":"Gminna Biblioteka Publiczna w Podedw\u00f3rzu"},"image":{"@id":"http:\/\/gbp.podedworze.pl\/#\/schema\/logo\/image\/"},"sameAs":["https:\/\/www.facebook.com\/GBPwPodedworzu"]},{"@type":"Person","@id":"http:\/\/gbp.podedworze.pl\/#\/schema\/person\/dfea2b3ca56c56b7d1cc7109d42ee986","name":"Diana Hetman","image":{"@type":"ImageObject","inLanguage":"pl-PL","@id":"http:\/\/gbp.podedworze.pl\/#\/schema\/person\/image\/","url":"https:\/\/secure.gravatar.com\/avatar\/37074dca426bae78f9d345cae1bc4aff?s=96&d=mm&r=g","contentUrl":"https:\/\/secure.gravatar.com\/avatar\/37074dca426bae78f9d345cae1bc4aff?s=96&d=mm&r=g","caption":"Diana Hetman"},"sameAs":["http:\/\/www.gbp.podedworze.pl"],"url":"http:\/\/gbp.podedworze.pl\/index.php\/author\/diana\/"}]}},"_links":{"self":[{"href":"http:\/\/gbp.podedworze.pl\/index.php\/wp-json\/wp\/v2\/posts\/1079","targetHints":{"allow":["GET"]}}],"collection":[{"href":"http:\/\/gbp.podedworze.pl\/index.php\/wp-json\/wp\/v2\/posts"}],"about":[{"href":"http:\/\/gbp.podedworze.pl\/index.php\/wp-json\/wp\/v2\/types\/post"}],"author":[{"embeddable":true,"href":"http:\/\/gbp.podedworze.pl\/index.php\/wp-json\/wp\/v2\/users\/3"}],"replies":[{"embeddable":true,"href":"http:\/\/gbp.podedworze.pl\/index.php\/wp-json\/wp\/v2\/comments?post=1079"}],"version-history":[{"count":6,"href":"http:\/\/gbp.podedworze.pl\/index.php\/wp-json\/wp\/v2\/posts\/1079\/revisions"}],"predecessor-version":[{"id":1088,"href":"http:\/\/gbp.podedworze.pl\/index.php\/wp-json\/wp\/v2\/posts\/1079\/revisions\/1088"}],"wp:attachment":[{"href":"http:\/\/gbp.podedworze.pl\/index.php\/wp-json\/wp\/v2\/media?parent=1079"}],"wp:term":[{"taxonomy":"category","embeddable":true,"href":"http:\/\/gbp.podedworze.pl\/index.php\/wp-json\/wp\/v2\/categories?post=1079"},{"taxonomy":"post_tag","embeddable":true,"href":"http:\/\/gbp.podedworze.pl\/index.php\/wp-json\/wp\/v2\/tags?post=1079"}],"curies":[{"name":"wp","href":"https:\/\/api.w.org\/{rel}","templated":true}]}}